
{"id":80722,"date":"2019-07-04T21:34:01","date_gmt":"2019-07-05T00:34:01","guid":{"rendered":"https:\/\/www.sudoestehoje.com.br\/novoportal\/?p=80722"},"modified":"2019-07-04T21:34:01","modified_gmt":"2019-07-05T00:34:01","slug":"pedro-tavares-faz-balanco-positivo-de-mandato-no-primeiro-semestre-de-2019","status":"publish","type":"post","link":"https:\/\/www.sudoestehoje.com.br\/novoportal\/2019\/07\/04\/pedro-tavares-faz-balanco-positivo-de-mandato-no-primeiro-semestre-de-2019\/","title":{"rendered":"PEDRO TAVARES FAZ BALAN\u00c7O POSITIVO DE MANDATO NO PRIMEIRO SEMESTRE DE 2019"},"content":{"rendered":"<p><a href=\"https:\/\/www.sudoestehoje.com.br\/novoportal\/wp-content\/uploads\/2019\/07\/Pedro-Tavares-2019-1.jpg\"><img loading=\"lazy\" decoding=\"async\" class=\"aligncenter size-medium wp-image-80723\" src=\"https:\/\/www.sudoestehoje.com.br\/novoportal\/wp-content\/uploads\/2019\/07\/Pedro-Tavares-2019-1-500x667.jpg\" alt=\"\" width=\"500\" height=\"667\" srcset=\"https:\/\/www.sudoestehoje.com.br\/novoportal\/wp-content\/uploads\/2019\/07\/Pedro-Tavares-2019-1-500x667.jpg 500w, https:\/\/www.sudoestehoje.com.br\/novoportal\/wp-content\/uploads\/2019\/07\/Pedro-Tavares-2019-1-768x1024.jpg 768w, https:\/\/www.sudoestehoje.com.br\/novoportal\/wp-content\/uploads\/2019\/07\/Pedro-Tavares-2019-1-675x900.jpg 675w\" sizes=\"auto, (max-width: 500px) 100vw, 500px\" \/><\/a><\/p>\n<p>O deputado estadual Pedro Tavares (DEM), avaliou a produtividade do seu mandato, no primeiro semestre deste ano ao iniciar o recesso parlamentar na Assembleia Legislativa da Bahia. No balan\u00e7o das a\u00e7\u00f5es, o parlamentar comemorou a aprova\u00e7\u00e3o do projeto de lei 22.520\/2017, de sua autoria, que disp\u00f5e sobre medidas de preven\u00e7\u00e3o e combate ao abuso sexual contra mulheres nos meios de transporte coletivo do Estado da Bahia. Ele destacou as atividades da Comiss\u00e3o de Infraestrutura, Desenvolvimento Econ\u00f4mico e Turismo, em que preside na Casa, al\u00e9m das proposi\u00e7\u00f5es apresentadas, com 13 indica\u00e7\u00f5es, 29 mo\u00e7\u00f5es e 7 projetos de lei. Nesse per\u00edodo, o deputado compareceu a todas as sess\u00f5es plen\u00e1rias, realizadas no Parlamento.<\/p>\n<p>A proposi\u00e7\u00e3o aprovada prop\u00f5e campanhas preventivas e educativas sobre o abuso sexual e a viol\u00eancia contra a mulher, sofridos no interior dos transportes coletivos. Entre as a\u00e7\u00f5es da lei fica estabelecida a confec\u00e7\u00e3o de cartazes contendo o telefone da Pol\u00edcia Militar (190) e da Central de Atendimento a Mulher (180), al\u00e9m de instru\u00e7\u00f5es \u00e0s v\u00edtimas para guardarem informa\u00e7\u00f5es para identifica\u00e7\u00e3o do agressor, tais como: hor\u00e1rio, linha do \u00f4nibus, do metr\u00f4, roupa que o agressor estava usando e se poss\u00edvel, as caracter\u00edsticas f\u00edsicas.<\/p>\n<p>\u201cEssa foi mais uma iniciativa do nosso mandato no sentido de ajudar a coibir a viol\u00eancia contra as mulheres. Foi uma satisfa\u00e7\u00e3o ter conquistado a aprova\u00e7\u00e3o desse projeto\u201d, afirmou.<\/p>\n<p>Na Comiss\u00e3o, Tavares realizou quatro audi\u00eancias p\u00fablicas. Foram discutidos os servi\u00e7os da Via Bahia, da Vinci Airports, concession\u00e1ria que administra o Aeroporto Internacional de Salvador e as a\u00e7\u00f5es da pasta de Infraestrutura do estado com a presen\u00e7a do secret\u00e1rio estadual, Marcus Cavalcanti. Al\u00e9m disso, a Comiss\u00e3o realizou reuni\u00f5es com o DNIT e uma visita ao Aeroporto.<\/p>\n<p>O parlamentar classificou como produtivo, o trabalho realizado pela Comiss\u00e3o, com a presen\u00e7a frequente dos membros, nas reuni\u00f5es e o debate dos principais assuntos relacionados a Infraestrutura do estado.<\/p>\n<p>\u201cA Comiss\u00e3o tem contribu\u00eddo com o debate em torno de propostas e tamb\u00e9m com a fiscaliza\u00e7\u00e3o e a cobran\u00e7a por a\u00e7\u00f5es que ajudem no avan\u00e7o dessas tr\u00eas importantes \u00e1reas do nosso estado. No segundo semestre vamos continuar atentos as quest\u00f5es, avan\u00e7ando nas propostas\u201d, afirmou.<\/p>\n","protected":false},"excerpt":{"rendered":"<p>O deputado estadual Pedro Tavares (DEM), avaliou a produtividade do seu mandato, no primeiro semestre deste ano ao iniciar o recesso parlamentar na Assembleia Legislativa da Bahia. No balan\u00e7o das a\u00e7\u00f5es, o parlamentar comemorou a aprova\u00e7\u00e3o do projeto de lei 22.520\/2017, de sua autoria, que disp\u00f5e sobre medidas de preven\u00e7\u00e3o e combate ao abuso sexual [&hellip;]<\/p>\n","protected":false},"author":2,"featured_media":80723,"comment_status":"open","ping_status":"open","sticky":false,"template":"","format":"standard","meta":{"footnotes":"","_links_to":"","_links_to_target":""},"categories":[1],"tags":[],"class_list":["post-80722","post","type-post","status-publish","format-standard","has-post-thumbnail","hentry","category-geral"],"views":819,"_links":{"self":[{"href":"https:\/\/www.sudoestehoje.com.br\/novoportal\/wp-json\/wp\/v2\/posts\/80722","targetHints":{"allow":["GET"]}}],"collection":[{"href":"https:\/\/www.sudoestehoje.com.br\/novoportal\/wp-json\/wp\/v2\/posts"}],"about":[{"href":"https:\/\/www.sudoestehoje.com.br\/novoportal\/wp-json\/wp\/v2\/types\/post"}],"author":[{"embeddable":true,"href":"https:\/\/www.sudoestehoje.com.br\/novoportal\/wp-json\/wp\/v2\/users\/2"}],"replies":[{"embeddable":true,"href":"https:\/\/www.sudoestehoje.com.br\/novoportal\/wp-json\/wp\/v2\/comments?post=80722"}],"version-history":[{"count":1,"href":"https:\/\/www.sudoestehoje.com.br\/novoportal\/wp-json\/wp\/v2\/posts\/80722\/revisions"}],"predecessor-version":[{"id":80724,"href":"https:\/\/www.sudoestehoje.com.br\/novoportal\/wp-json\/wp\/v2\/posts\/80722\/revisions\/80724"}],"wp:featuredmedia":[{"embeddable":true,"href":"https:\/\/www.sudoestehoje.com.br\/novoportal\/wp-json\/wp\/v2\/media\/80723"}],"wp:attachment":[{"href":"https:\/\/www.sudoestehoje.com.br\/novoportal\/wp-json\/wp\/v2\/media?parent=80722"}],"wp:term":[{"taxonomy":"category","embeddable":true,"href":"https:\/\/www.sudoestehoje.com.br\/novoportal\/wp-json\/wp\/v2\/categories?post=80722"},{"taxonomy":"post_tag","embeddable":true,"href":"https:\/\/www.sudoestehoje.com.br\/novoportal\/wp-json\/wp\/v2\/tags?post=80722"}],"curies":[{"name":"wp","href":"https:\/\/api.w.org\/{rel}","templated":true}]}}