
{"id":80704,"date":"2019-07-03T20:44:40","date_gmt":"2019-07-03T23:44:40","guid":{"rendered":"https:\/\/www.sudoestehoje.com.br\/novoportal\/?p=80704"},"modified":"2019-07-03T20:56:07","modified_gmt":"2019-07-03T23:56:07","slug":"video-homens-quebram-e-incendeiam-carros-de-vigilancia-da-veracel-em-eunapolis","status":"publish","type":"post","link":"https:\/\/www.sudoestehoje.com.br\/novoportal\/2019\/07\/03\/video-homens-quebram-e-incendeiam-carros-de-vigilancia-da-veracel-em-eunapolis\/","title":{"rendered":"V\u00cdDEO: HOMENS QUEBRAM E INCENDEIAM CARROS DE VIGIL\u00c2NCIA DA VERACEL EM EUN\u00c1POLIS"},"content":{"rendered":"<div class=\"mc-column content-text active-extra-styles \" data-block-type=\"unstyled\" data-block-weight=\"50\" data-block-id=\"2\">\n<p data-track-category=\"Link no Texto\" data-track-links=\"\"><a href=\"https:\/\/www.sudoestehoje.com.br\/novoportal\/wp-content\/uploads\/2019\/07\/ataque-eunapolis-foice-terra_201973164124565.jpg\"><img loading=\"lazy\" decoding=\"async\" class=\"aligncenter size-medium wp-image-80706\" src=\"https:\/\/www.sudoestehoje.com.br\/novoportal\/wp-content\/uploads\/2019\/07\/ataque-eunapolis-foice-terra_201973164124565-500x350.jpg\" alt=\"\" width=\"500\" height=\"350\" srcset=\"https:\/\/www.sudoestehoje.com.br\/novoportal\/wp-content\/uploads\/2019\/07\/ataque-eunapolis-foice-terra_201973164124565-500x350.jpg 500w, https:\/\/www.sudoestehoje.com.br\/novoportal\/wp-content\/uploads\/2019\/07\/ataque-eunapolis-foice-terra_201973164124565-700x490.jpg 700w, https:\/\/www.sudoestehoje.com.br\/novoportal\/wp-content\/uploads\/2019\/07\/ataque-eunapolis-foice-terra_201973164124565.jpg 750w\" sizes=\"auto, (max-width: 500px) 100vw, 500px\" \/><\/a><\/p>\n<p class=\"content-text__container \" data-track-category=\"Link no Texto\" data-track-links=\"\">Equipes de Vigil\u00e2ncia Patrimonial da Veracel foram atacadas por homens, na manh\u00e3 de ter\u00e7a-feira (2), ap\u00f3s o processo de reintegra\u00e7\u00e3o de posse do terreno de uma empresa, na zona rural de Eun\u00e1polis, no sul da Bahia. Conforme a Pol\u00edcia Civil, tr\u00eas vigilantes ficaram feridos e carros foram incendiados.<\/p>\n<\/div>\n<div class=\"wall protected-content\">\n<div class=\"mc-column content-text active-extra-styles \" data-block-type=\"unstyled\" data-block-weight=\"50\" data-block-id=\"3\">\n<p class=\"content-text__container \" data-track-category=\"Link no Texto\" data-track-links=\"\">Segundo informa\u00e7\u00f5es da pol\u00edcia, um grupo de moradores que ocupava a \u00e1rea at\u00e9 a quinta-feira (27) e deixou o local ap\u00f3s uma a\u00e7\u00e3o de reintegra\u00e7\u00e3o de posse voltou ao S\u00edtio Esperan\u00e7a, que pertence \u00e0 empresa produtora de celulose, na manh\u00e3 de ter\u00e7a, com pedras e peda\u00e7os de madeiras.<\/p>\n<p><iframe loading=\"lazy\" title=\"TENS\u00c3O NA ZONA RURAL\" width=\"500\" height=\"281\" src=\"https:\/\/www.youtube.com\/embed\/VLY3UILbphM?start=36&#038;feature=oembed\" frameborder=\"0\" allow=\"accelerometer; autoplay; clipboard-write; encrypted-media; gyroscope; picture-in-picture; web-share\" referrerpolicy=\"strict-origin-when-cross-origin\" allowfullscreen><\/iframe><\/p>\n<\/div>\n<div class=\"mc-column content-text active-extra-styles \" data-block-type=\"unstyled\" data-block-weight=\"42\" data-block-id=\"4\">\n<p class=\"content-text__container \" data-track-category=\"Link no Texto\" data-track-links=\"\">De acordo com a Pol\u00edcia Civil, tr\u00eas vigilantes da prestadora de servi\u00e7o para a empresa de celulose ficaram feridos ap\u00f3s serem atingidos por pedras e peda\u00e7os de madeiras. Segundo a Veracel, respons\u00e1vel pelo terreno, eles foram medicados e j\u00e1 receberam alta m\u00e9dica.<\/p>\n<\/div>\n<div class=\"mc-column content-text active-extra-styles \" data-block-type=\"unstyled\" data-block-weight=\"18\" data-block-id=\"5\">\n<p class=\"content-text__container \" data-track-category=\"Link no Texto\" data-track-links=\"\">Outros tr\u00eas funcion\u00e1rios de outra empresa terceirizada foram mantidos em c\u00e1rcere privado, mas foram libertados pelos vigilantes. Em nota, a Veracel Celulose informou que os trabalhos na regi\u00e3o foram suspensos at\u00e9 a Justi\u00e7a resolver a situa\u00e7\u00e3o dos moradores, para garantir a seguran\u00e7a dos colaboradores e funcion\u00e1rios.<\/p>\n<\/div>\n<\/div>\n","protected":false},"excerpt":{"rendered":"<p>Equipes de Vigil\u00e2ncia Patrimonial da Veracel foram atacadas por homens, na manh\u00e3 de ter\u00e7a-feira (2), ap\u00f3s o processo de reintegra\u00e7\u00e3o de posse do terreno de uma empresa, na zona rural de Eun\u00e1polis, no sul da Bahia. Conforme a Pol\u00edcia Civil, tr\u00eas vigilantes ficaram feridos e carros foram incendiados. Segundo informa\u00e7\u00f5es da pol\u00edcia, um grupo de [&hellip;]<\/p>\n","protected":false},"author":2,"featured_media":80706,"comment_status":"open","ping_status":"open","sticky":false,"template":"","format":"standard","meta":{"footnotes":"","_links_to":"","_links_to_target":""},"categories":[1],"tags":[],"class_list":["post-80704","post","type-post","status-publish","format-standard","has-post-thumbnail","hentry","category-geral"],"views":1199,"_links":{"self":[{"href":"https:\/\/www.sudoestehoje.com.br\/novoportal\/wp-json\/wp\/v2\/posts\/80704","targetHints":{"allow":["GET"]}}],"collection":[{"href":"https:\/\/www.sudoestehoje.com.br\/novoportal\/wp-json\/wp\/v2\/posts"}],"about":[{"href":"https:\/\/www.sudoestehoje.com.br\/novoportal\/wp-json\/wp\/v2\/types\/post"}],"author":[{"embeddable":true,"href":"https:\/\/www.sudoestehoje.com.br\/novoportal\/wp-json\/wp\/v2\/users\/2"}],"replies":[{"embeddable":true,"href":"https:\/\/www.sudoestehoje.com.br\/novoportal\/wp-json\/wp\/v2\/comments?post=80704"}],"version-history":[{"count":3,"href":"https:\/\/www.sudoestehoje.com.br\/novoportal\/wp-json\/wp\/v2\/posts\/80704\/revisions"}],"predecessor-version":[{"id":80709,"href":"https:\/\/www.sudoestehoje.com.br\/novoportal\/wp-json\/wp\/v2\/posts\/80704\/revisions\/80709"}],"wp:featuredmedia":[{"embeddable":true,"href":"https:\/\/www.sudoestehoje.com.br\/novoportal\/wp-json\/wp\/v2\/media\/80706"}],"wp:attachment":[{"href":"https:\/\/www.sudoestehoje.com.br\/novoportal\/wp-json\/wp\/v2\/media?parent=80704"}],"wp:term":[{"taxonomy":"category","embeddable":true,"href":"https:\/\/www.sudoestehoje.com.br\/novoportal\/wp-json\/wp\/v2\/categories?post=80704"},{"taxonomy":"post_tag","embeddable":true,"href":"https:\/\/www.sudoestehoje.com.br\/novoportal\/wp-json\/wp\/v2\/tags?post=80704"}],"curies":[{"name":"wp","href":"https:\/\/api.w.org\/{rel}","templated":true}]}}