
{"id":80695,"date":"2019-07-02T20:41:05","date_gmt":"2019-07-02T23:41:05","guid":{"rendered":"https:\/\/www.sudoestehoje.com.br\/novoportal\/?p=80695"},"modified":"2019-07-02T20:41:05","modified_gmt":"2019-07-02T23:41:05","slug":"regiao-prefeito-de-itambe-tem-pior-avaliacao-no-medio-sudoeste-da-bahia","status":"publish","type":"post","link":"https:\/\/www.sudoestehoje.com.br\/novoportal\/2019\/07\/02\/regiao-prefeito-de-itambe-tem-pior-avaliacao-no-medio-sudoeste-da-bahia\/","title":{"rendered":"REGI\u00c3O`: PREFEITO DE ITAMB\u00c9 TEM PIOR AVALIA\u00c7\u00c3O NO M\u00c9DIO SUDOESTE DA BAHIA"},"content":{"rendered":"<p><a href=\"https:\/\/www.sudoestehoje.com.br\/novoportal\/wp-content\/uploads\/2019\/07\/edu-gama.jpg\"><img loading=\"lazy\" decoding=\"async\" class=\"aligncenter size-medium wp-image-80696\" src=\"https:\/\/www.sudoestehoje.com.br\/novoportal\/wp-content\/uploads\/2019\/07\/edu-gama-500x336.jpg\" alt=\"\" width=\"500\" height=\"336\" srcset=\"https:\/\/www.sudoestehoje.com.br\/novoportal\/wp-content\/uploads\/2019\/07\/edu-gama-500x336.jpg 500w, https:\/\/www.sudoestehoje.com.br\/novoportal\/wp-content\/uploads\/2019\/07\/edu-gama.jpg 600w\" sizes=\"auto, (max-width: 500px) 100vw, 500px\" \/><\/a><\/p>\n<p>Dentre os gestores municipais do M\u00e9dio Sudoeste da Bahia, o prefeito de Itamb\u00e9, Eduardo Gama (PT), tem a pior avalia\u00e7\u00e3o administrativa e pol\u00edtica da regi\u00e3o.<\/p>\n<p>A avalia\u00e7\u00e3o foi feita atrav\u00e9s de consultas \u00e0 popula\u00e7\u00e3o, imprensa e nos meios pol\u00edticos de toda a regi\u00e3o, levando o prefeito a uma rejei\u00e7\u00e3o de mais de 80% das opini\u00f5es.<\/p>\n<p>Fatores como desemprego, descumprimento de promessas de campanha, fraco desempenho administrativo e alinhamento pol\u00edtico equivocado, s\u00e3o fatores que derrubam a popularidade do prefeito para n\u00edveis baix\u00edssimos.<\/p>\n<p>\u00c9 nesse ambiente pol\u00edtico hostil que o prefeito Eduardo Gama tentar\u00e1 a reelei\u00e7\u00e3o em 2020, contra uma oposi\u00e7\u00e3o que ressurge com muita for\u00e7a.<\/p>\n<p><strong><em>Por Davi Ferraz<\/em><\/strong><\/p>\n","protected":false},"excerpt":{"rendered":"<p>Dentre os gestores municipais do M\u00e9dio Sudoeste da Bahia, o prefeito de Itamb\u00e9, Eduardo Gama (PT), tem a pior avalia\u00e7\u00e3o administrativa e pol\u00edtica da regi\u00e3o. A avalia\u00e7\u00e3o foi feita atrav\u00e9s de consultas \u00e0 popula\u00e7\u00e3o, imprensa e nos meios pol\u00edticos de toda a regi\u00e3o, levando o prefeito a uma rejei\u00e7\u00e3o de mais de 80% das opini\u00f5es. [&hellip;]<\/p>\n","protected":false},"author":2,"featured_media":80696,"comment_status":"open","ping_status":"open","sticky":false,"template":"","format":"standard","meta":{"footnotes":"","_links_to":"","_links_to_target":""},"categories":[1],"tags":[],"class_list":["post-80695","post","type-post","status-publish","format-standard","has-post-thumbnail","hentry","category-geral"],"views":1162,"_links":{"self":[{"href":"https:\/\/www.sudoestehoje.com.br\/novoportal\/wp-json\/wp\/v2\/posts\/80695","targetHints":{"allow":["GET"]}}],"collection":[{"href":"https:\/\/www.sudoestehoje.com.br\/novoportal\/wp-json\/wp\/v2\/posts"}],"about":[{"href":"https:\/\/www.sudoestehoje.com.br\/novoportal\/wp-json\/wp\/v2\/types\/post"}],"author":[{"embeddable":true,"href":"https:\/\/www.sudoestehoje.com.br\/novoportal\/wp-json\/wp\/v2\/users\/2"}],"replies":[{"embeddable":true,"href":"https:\/\/www.sudoestehoje.com.br\/novoportal\/wp-json\/wp\/v2\/comments?post=80695"}],"version-history":[{"count":1,"href":"https:\/\/www.sudoestehoje.com.br\/novoportal\/wp-json\/wp\/v2\/posts\/80695\/revisions"}],"predecessor-version":[{"id":80697,"href":"https:\/\/www.sudoestehoje.com.br\/novoportal\/wp-json\/wp\/v2\/posts\/80695\/revisions\/80697"}],"wp:featuredmedia":[{"embeddable":true,"href":"https:\/\/www.sudoestehoje.com.br\/novoportal\/wp-json\/wp\/v2\/media\/80696"}],"wp:attachment":[{"href":"https:\/\/www.sudoestehoje.com.br\/novoportal\/wp-json\/wp\/v2\/media?parent=80695"}],"wp:term":[{"taxonomy":"category","embeddable":true,"href":"https:\/\/www.sudoestehoje.com.br\/novoportal\/wp-json\/wp\/v2\/categories?post=80695"},{"taxonomy":"post_tag","embeddable":true,"href":"https:\/\/www.sudoestehoje.com.br\/novoportal\/wp-json\/wp\/v2\/tags?post=80695"}],"curies":[{"name":"wp","href":"https:\/\/api.w.org\/{rel}","templated":true}]}}