
{"id":80681,"date":"2019-07-02T18:55:33","date_gmt":"2019-07-02T21:55:33","guid":{"rendered":"https:\/\/www.sudoestehoje.com.br\/novoportal\/?p=80681"},"modified":"2019-07-02T18:55:33","modified_gmt":"2019-07-02T21:55:33","slug":"corpo-de-jogadora-da-selecao-suica-e-encontrado-em-lago-na-italia","status":"publish","type":"post","link":"https:\/\/www.sudoestehoje.com.br\/novoportal\/2019\/07\/02\/corpo-de-jogadora-da-selecao-suica-e-encontrado-em-lago-na-italia\/","title":{"rendered":"CORPO DE JOGADORA DA SELE\u00c7\u00c3O SU\u00cd\u00c7A \u00c9 ENCONTRADO EM LAGO NA IT\u00c1LIA"},"content":{"rendered":"<p><a href=\"https:\/\/www.sudoestehoje.com.br\/novoportal\/wp-content\/uploads\/2019\/07\/JOGADORA-DA-SUI\u00c7A.jpg\"><img loading=\"lazy\" decoding=\"async\" class=\"aligncenter size-medium wp-image-80682\" src=\"https:\/\/www.sudoestehoje.com.br\/novoportal\/wp-content\/uploads\/2019\/07\/JOGADORA-DA-SUI\u00c7A-500x281.jpg\" alt=\"\" width=\"500\" height=\"281\" srcset=\"https:\/\/www.sudoestehoje.com.br\/novoportal\/wp-content\/uploads\/2019\/07\/JOGADORA-DA-SUI\u00c7A-500x281.jpg 500w, https:\/\/www.sudoestehoje.com.br\/novoportal\/wp-content\/uploads\/2019\/07\/JOGADORA-DA-SUI\u00c7A-768x431.jpg 768w, https:\/\/www.sudoestehoje.com.br\/novoportal\/wp-content\/uploads\/2019\/07\/JOGADORA-DA-SUI\u00c7A-700x393.jpg 700w, https:\/\/www.sudoestehoje.com.br\/novoportal\/wp-content\/uploads\/2019\/07\/JOGADORA-DA-SUI\u00c7A.jpg 1280w\" sizes=\"auto, (max-width: 500px) 100vw, 500px\" \/><\/a><\/p>\n<p>O corpo da jogadora Florijana Ismaili, da sele\u00e7\u00e3o de futebol da Su\u00ed\u00e7a, foi encontrado nesta ter\u00e7a-feira (2) ap\u00f3s uma longa busca pelo Lago Como, na It\u00e1lia.<\/p>\n<p>A atleta de 24 anos,\u00a0<a href=\"http:\/\/bahia.ba\/esporte\/jogadora-da-selecao-de-futebol-da-suica-desaparece-apos-mergulhar-em-lago-na-italia\/\">foi dada como desaparecida no s\u00e1bado enquanto curtia o dia de folga com uma companheira de equipe<\/a>.<\/p>\n<p>O corpo foi encontrado a 204 metros de profundidade com a ajuda de um submarino. De acordo com o canal de TV su\u00ed\u00e7o, Radio T\u00e9l\u00e9vision Suisse (RTS), a causa da morte foi afogamento.<\/p>\n","protected":false},"excerpt":{"rendered":"<p>O corpo da jogadora Florijana Ismaili, da sele\u00e7\u00e3o de futebol da Su\u00ed\u00e7a, foi encontrado nesta ter\u00e7a-feira (2) ap\u00f3s uma longa busca pelo Lago Como, na It\u00e1lia. A atleta de 24 anos,\u00a0foi dada como desaparecida no s\u00e1bado enquanto curtia o dia de folga com uma companheira de equipe. O corpo foi encontrado a 204 metros de [&hellip;]<\/p>\n","protected":false},"author":2,"featured_media":80682,"comment_status":"open","ping_status":"open","sticky":false,"template":"","format":"standard","meta":{"footnotes":"","_links_to":"","_links_to_target":""},"categories":[1],"tags":[],"class_list":["post-80681","post","type-post","status-publish","format-standard","has-post-thumbnail","hentry","category-geral"],"views":1105,"_links":{"self":[{"href":"https:\/\/www.sudoestehoje.com.br\/novoportal\/wp-json\/wp\/v2\/posts\/80681","targetHints":{"allow":["GET"]}}],"collection":[{"href":"https:\/\/www.sudoestehoje.com.br\/novoportal\/wp-json\/wp\/v2\/posts"}],"about":[{"href":"https:\/\/www.sudoestehoje.com.br\/novoportal\/wp-json\/wp\/v2\/types\/post"}],"author":[{"embeddable":true,"href":"https:\/\/www.sudoestehoje.com.br\/novoportal\/wp-json\/wp\/v2\/users\/2"}],"replies":[{"embeddable":true,"href":"https:\/\/www.sudoestehoje.com.br\/novoportal\/wp-json\/wp\/v2\/comments?post=80681"}],"version-history":[{"count":1,"href":"https:\/\/www.sudoestehoje.com.br\/novoportal\/wp-json\/wp\/v2\/posts\/80681\/revisions"}],"predecessor-version":[{"id":80683,"href":"https:\/\/www.sudoestehoje.com.br\/novoportal\/wp-json\/wp\/v2\/posts\/80681\/revisions\/80683"}],"wp:featuredmedia":[{"embeddable":true,"href":"https:\/\/www.sudoestehoje.com.br\/novoportal\/wp-json\/wp\/v2\/media\/80682"}],"wp:attachment":[{"href":"https:\/\/www.sudoestehoje.com.br\/novoportal\/wp-json\/wp\/v2\/media?parent=80681"}],"wp:term":[{"taxonomy":"category","embeddable":true,"href":"https:\/\/www.sudoestehoje.com.br\/novoportal\/wp-json\/wp\/v2\/categories?post=80681"},{"taxonomy":"post_tag","embeddable":true,"href":"https:\/\/www.sudoestehoje.com.br\/novoportal\/wp-json\/wp\/v2\/tags?post=80681"}],"curies":[{"name":"wp","href":"https:\/\/api.w.org\/{rel}","templated":true}]}}