
{"id":80672,"date":"2019-07-01T18:04:04","date_gmt":"2019-07-01T21:04:04","guid":{"rendered":"https:\/\/www.sudoestehoje.com.br\/novoportal\/?p=80672"},"modified":"2019-07-01T18:04:04","modified_gmt":"2019-07-01T21:04:04","slug":"irma-dulce-sera-canonizada-em-outubro","status":"publish","type":"post","link":"https:\/\/www.sudoestehoje.com.br\/novoportal\/2019\/07\/01\/irma-dulce-sera-canonizada-em-outubro\/","title":{"rendered":"IRM\u00c3 DULCE SER\u00c1 CANONIZADA EM OUTUBRO"},"content":{"rendered":"<p><a href=\"https:\/\/www.sudoestehoje.com.br\/novoportal\/wp-content\/uploads\/2019\/07\/IRM\u00c3-DULCE.jpg\"><img loading=\"lazy\" decoding=\"async\" class=\"aligncenter size-medium wp-image-80674\" src=\"https:\/\/www.sudoestehoje.com.br\/novoportal\/wp-content\/uploads\/2019\/07\/IRM\u00c3-DULCE-500x333.jpg\" alt=\"\" width=\"500\" height=\"333\" \/><\/a><\/p>\n<div class=\"mc-column content-text active-extra-styles \" data-block-type=\"unstyled\" data-block-weight=\"33\" data-block-id=\"2\">\n<p class=\"content-text__container \" data-track-category=\"Link no Texto\" data-track-links=\"\">Irm\u00e3 Dulce, a primeira mulher nascida no Brasil que se tornar\u00e1 santa, ser\u00e1 canonizada no dia 13 de outubro de 2019, em uma celebra\u00e7\u00e3o presidida pelo Papa Francisco, no Vaticano, em Roma.<\/p>\n<\/div>\n<div class=\"wall protected-content\">\n<div class=\"mc-column content-text active-extra-styles \" data-block-type=\"unstyled\" data-block-weight=\"32\" data-block-id=\"3\">\n<p class=\"content-text__container \" data-track-category=\"Link no Texto\" data-track-links=\"\">A informa\u00e7\u00e3o foi divulgada na manh\u00e3 desta segunda-feira (1\u00ba), em coletivas de imprensa que ocorreram em Roma, no Vaticano, e no Santu\u00e1rio Bem-Aventurada Dulce dos Pobres, no Largo de Roma, em Salvador.<\/p>\n<\/div>\n<div class=\"mc-column content-text active-extra-styles \" data-block-type=\"unstyled\" data-block-weight=\"38\" data-block-id=\"4\">\n<p class=\"content-text__container \" data-track-category=\"Link no Texto\" data-track-links=\"\">Al\u00e9m de Irm\u00e3 Dulce, no mesmo dia, durante o\u00a0<a href=\"https:\/\/g1.globo.com\/natureza\/noticia\/2019\/06\/25\/entenda-por-que-o-vaticano-prepara-um-encontro-sobre-a-amazonia-e-o-que-sera-discutido.ghtml\">S\u00ednodo da Amaz\u00f4nia<\/a>, ser\u00e3o canonizados outros quatro santos, segundo o Vaticano. Entre eles, est\u00e1 o cardeal ingl\u00eas John Henry Newman, um dos principais intelectuais crist\u00e3os do s\u00e9culo 19.<\/p>\n<\/div>\n<\/div>\n","protected":false},"excerpt":{"rendered":"<p>Irm\u00e3 Dulce, a primeira mulher nascida no Brasil que se tornar\u00e1 santa, ser\u00e1 canonizada no dia 13 de outubro de 2019, em uma celebra\u00e7\u00e3o presidida pelo Papa Francisco, no Vaticano, em Roma. A informa\u00e7\u00e3o foi divulgada na manh\u00e3 desta segunda-feira (1\u00ba), em coletivas de imprensa que ocorreram em Roma, no Vaticano, e no Santu\u00e1rio Bem-Aventurada [&hellip;]<\/p>\n","protected":false},"author":2,"featured_media":80674,"comment_status":"open","ping_status":"open","sticky":false,"template":"","format":"standard","meta":{"footnotes":"","_links_to":"","_links_to_target":""},"categories":[1],"tags":[],"class_list":["post-80672","post","type-post","status-publish","format-standard","has-post-thumbnail","hentry","category-geral"],"views":910,"_links":{"self":[{"href":"https:\/\/www.sudoestehoje.com.br\/novoportal\/wp-json\/wp\/v2\/posts\/80672","targetHints":{"allow":["GET"]}}],"collection":[{"href":"https:\/\/www.sudoestehoje.com.br\/novoportal\/wp-json\/wp\/v2\/posts"}],"about":[{"href":"https:\/\/www.sudoestehoje.com.br\/novoportal\/wp-json\/wp\/v2\/types\/post"}],"author":[{"embeddable":true,"href":"https:\/\/www.sudoestehoje.com.br\/novoportal\/wp-json\/wp\/v2\/users\/2"}],"replies":[{"embeddable":true,"href":"https:\/\/www.sudoestehoje.com.br\/novoportal\/wp-json\/wp\/v2\/comments?post=80672"}],"version-history":[{"count":2,"href":"https:\/\/www.sudoestehoje.com.br\/novoportal\/wp-json\/wp\/v2\/posts\/80672\/revisions"}],"predecessor-version":[{"id":80675,"href":"https:\/\/www.sudoestehoje.com.br\/novoportal\/wp-json\/wp\/v2\/posts\/80672\/revisions\/80675"}],"wp:featuredmedia":[{"embeddable":true,"href":"https:\/\/www.sudoestehoje.com.br\/novoportal\/wp-json\/wp\/v2\/media\/80674"}],"wp:attachment":[{"href":"https:\/\/www.sudoestehoje.com.br\/novoportal\/wp-json\/wp\/v2\/media?parent=80672"}],"wp:term":[{"taxonomy":"category","embeddable":true,"href":"https:\/\/www.sudoestehoje.com.br\/novoportal\/wp-json\/wp\/v2\/categories?post=80672"},{"taxonomy":"post_tag","embeddable":true,"href":"https:\/\/www.sudoestehoje.com.br\/novoportal\/wp-json\/wp\/v2\/tags?post=80672"}],"curies":[{"name":"wp","href":"https:\/\/api.w.org\/{rel}","templated":true}]}}