
{"id":80669,"date":"2019-06-30T22:14:34","date_gmt":"2019-07-01T01:14:34","guid":{"rendered":"https:\/\/www.sudoestehoje.com.br\/novoportal\/?p=80669"},"modified":"2019-06-30T22:14:34","modified_gmt":"2019-07-01T01:14:34","slug":"movimentos-promovem-atos-em-apoio-a-moro-e-a-lava-jato-em-todo-o-brasil","status":"publish","type":"post","link":"https:\/\/www.sudoestehoje.com.br\/novoportal\/2019\/06\/30\/movimentos-promovem-atos-em-apoio-a-moro-e-a-lava-jato-em-todo-o-brasil\/","title":{"rendered":"MOVIMENTOS PROMOVEM ATOS EM APOIO A MORO E \u00c0 LAVA JATO EM TODO O BRASIL"},"content":{"rendered":"<p><a href=\"https:\/\/www.sudoestehoje.com.br\/novoportal\/wp-content\/uploads\/2019\/06\/protesto-a-favor-de-moro-1000x530.jpg\"><img loading=\"lazy\" decoding=\"async\" class=\"size-medium wp-image-80670\" src=\"https:\/\/www.sudoestehoje.com.br\/novoportal\/wp-content\/uploads\/2019\/06\/protesto-a-favor-de-moro-1000x530-500x265.jpg\" alt=\"\" width=\"500\" height=\"265\" srcset=\"https:\/\/www.sudoestehoje.com.br\/novoportal\/wp-content\/uploads\/2019\/06\/protesto-a-favor-de-moro-1000x530-500x265.jpg 500w, https:\/\/www.sudoestehoje.com.br\/novoportal\/wp-content\/uploads\/2019\/06\/protesto-a-favor-de-moro-1000x530-768x407.jpg 768w, https:\/\/www.sudoestehoje.com.br\/novoportal\/wp-content\/uploads\/2019\/06\/protesto-a-favor-de-moro-1000x530-700x371.jpg 700w, https:\/\/www.sudoestehoje.com.br\/novoportal\/wp-content\/uploads\/2019\/06\/protesto-a-favor-de-moro-1000x530.jpg 1000w\" sizes=\"auto, (max-width: 500px) 100vw, 500px\" \/><\/a><\/p>\n<p>Movimentos como o Nas Ruas, Vem Pra Rua e o Brasil Livre (MBL) realizaram m hoje (30), em v\u00e1rias cidades brasileiras, manifesta\u00e7\u00f5es de apoio \u00e0 aprova\u00e7\u00e3o de mudan\u00e7as nas regras para aposentadoria e do chamado pacote anticrime.<\/p>\n<p>Os atos tamb\u00e9m servem de defesa \u00e0 Opera\u00e7\u00e3o Lava Jato, com a qual o Minist\u00e9rio P\u00fablico Federal (MPF) e a Pol\u00edcia Federal (PF) investigam um esquema de corrup\u00e7\u00e3o e lavagem de dinheiro envolvendo pol\u00edticos e empres\u00e1rios, e ao ministro da Justi\u00e7a e Seguran\u00e7a P\u00fablica, Sergio Moro.<\/p>\n<p>Segundo os organizadores, os atos foram convocados em mais de 200 munic\u00edpios. Informa\u00e7\u00f5es da Ag\u00eancia Brasil.<\/p>\n","protected":false},"excerpt":{"rendered":"<p>Movimentos como o Nas Ruas, Vem Pra Rua e o Brasil Livre (MBL) realizaram m hoje (30), em v\u00e1rias cidades brasileiras, manifesta\u00e7\u00f5es de apoio \u00e0 aprova\u00e7\u00e3o de mudan\u00e7as nas regras para aposentadoria e do chamado pacote anticrime. Os atos tamb\u00e9m servem de defesa \u00e0 Opera\u00e7\u00e3o Lava Jato, com a qual o Minist\u00e9rio P\u00fablico Federal (MPF) [&hellip;]<\/p>\n","protected":false},"author":2,"featured_media":80670,"comment_status":"open","ping_status":"open","sticky":false,"template":"","format":"standard","meta":{"footnotes":"","_links_to":"","_links_to_target":""},"categories":[1],"tags":[],"class_list":["post-80669","post","type-post","status-publish","format-standard","has-post-thumbnail","hentry","category-geral"],"views":749,"_links":{"self":[{"href":"https:\/\/www.sudoestehoje.com.br\/novoportal\/wp-json\/wp\/v2\/posts\/80669","targetHints":{"allow":["GET"]}}],"collection":[{"href":"https:\/\/www.sudoestehoje.com.br\/novoportal\/wp-json\/wp\/v2\/posts"}],"about":[{"href":"https:\/\/www.sudoestehoje.com.br\/novoportal\/wp-json\/wp\/v2\/types\/post"}],"author":[{"embeddable":true,"href":"https:\/\/www.sudoestehoje.com.br\/novoportal\/wp-json\/wp\/v2\/users\/2"}],"replies":[{"embeddable":true,"href":"https:\/\/www.sudoestehoje.com.br\/novoportal\/wp-json\/wp\/v2\/comments?post=80669"}],"version-history":[{"count":1,"href":"https:\/\/www.sudoestehoje.com.br\/novoportal\/wp-json\/wp\/v2\/posts\/80669\/revisions"}],"predecessor-version":[{"id":80671,"href":"https:\/\/www.sudoestehoje.com.br\/novoportal\/wp-json\/wp\/v2\/posts\/80669\/revisions\/80671"}],"wp:featuredmedia":[{"embeddable":true,"href":"https:\/\/www.sudoestehoje.com.br\/novoportal\/wp-json\/wp\/v2\/media\/80670"}],"wp:attachment":[{"href":"https:\/\/www.sudoestehoje.com.br\/novoportal\/wp-json\/wp\/v2\/media?parent=80669"}],"wp:term":[{"taxonomy":"category","embeddable":true,"href":"https:\/\/www.sudoestehoje.com.br\/novoportal\/wp-json\/wp\/v2\/categories?post=80669"},{"taxonomy":"post_tag","embeddable":true,"href":"https:\/\/www.sudoestehoje.com.br\/novoportal\/wp-json\/wp\/v2\/tags?post=80669"}],"curies":[{"name":"wp","href":"https:\/\/api.w.org\/{rel}","templated":true}]}}