
{"id":8066,"date":"2011-08-31T18:48:41","date_gmt":"2011-08-31T21:48:41","guid":{"rendered":"http:\/\/www.sudoestehoje.com.br\/novoportal\/?p=8066"},"modified":"2011-08-31T21:38:37","modified_gmt":"2011-09-01T00:38:37","slug":"vereador-gilson-de-jesus-divulga-carta-sobre-a-uniao-das-oposicoes","status":"publish","type":"post","link":"https:\/\/www.sudoestehoje.com.br\/novoportal\/2011\/08\/31\/vereador-gilson-de-jesus-divulga-carta-sobre-a-uniao-das-oposicoes\/","title":{"rendered":"VEREADOR GILSON DE JESUS CRITICA UNI\u00c3O DAS OPOSI\u00c7\u00d5ES"},"content":{"rendered":"<p style=\"text-align: center;\"><img decoding=\"async\" class=\"aligncenter\" src=\"http:\/\/www.hnnet.com.br\/dimensao\/01072006\/fotos\/pag07-3.jpg\" alt=\"\" width=\"400\" \/><\/p>\n<p style=\"text-align: center;\">Vereador Gilson de Jesus na \u00e9poca dos &#8220;velhos caciques&#8221;<\/p>\n<p style=\"text-align: center;\"><strong><em><em>&#8220;Esta foto, portanto, &#8230; nos parece remendos de roupa velha e nada que pare\u00e7a novo para esta cidade t\u00e3o mo\u00e7a que sonha com um belo mo\u00e7o chamado futuro e n\u00e3o com o namorado esquecido chamado passado. Gilson de Jesus&#8221;<\/em><\/em><\/strong><\/p>\n<p>ITAPETINGA: Circulou pela rede, na tarde desta quarta-feira, uma carta aberta do vereador Gilson de Jesus (PCdoB), atrav\u00e9s da qual ele se manifesta sobre a prov\u00e1vel uni\u00e3o das oposi\u00e7\u00f5es, com vistas as elei\u00e7\u00f5es de 2012. Leia na \u00edntegra (sem corre\u00e7\u00e3o ortogr\u00e1fica) e opine.<\/p>\n<p><strong>Uma uni\u00e3o hist\u00f3rica ou apenas oposi\u00e7\u00e3o por oposi\u00e7\u00e3o?<\/strong><\/p>\n<p><em>Quem viu a capa do Dimens\u00e3o Jornal e\/ou Blogs do \u00faltimo s\u00e1bado, com certeza deve ter refletido sobre uma foto retirada na reuni\u00e3o de funda\u00e7\u00e3o do PSDC no restaurante Mirante onde h\u00e1 acento para todos os partidos, (com exce\u00e7\u00e3o do PC do B local), que todos sabem fazer oposi\u00e7\u00e3o ao atual prefeito. Algumas perguntas come\u00e7am a ser formuladas pelos cidad\u00e3os mais ligados \u00e0 pol\u00edtica: at\u00e9 quando vai a encena\u00e7\u00e3o? Se acaso se unirem para o pleito, continuariam unidos na hora da divis\u00e3o de cargos? O que justificaria esta uni\u00e3o, somente a id\u00e9ia de que dividida a oposi\u00e7\u00e3o o prefeito se fortalece, ou se torna imbat\u00edvel? H\u00e1 o que para mover tal uni\u00e3o, se n\u00e3o o fato de todos da foto serem opositores ao governador e \u00e0 presidente Dilma e n\u00e3o somente ao prefeito? Afinal n\u00e3o foram todos aqueles partidos que derrotaram Dilma em Itapetinga e elegeram o Paulo Solto? Mas quem acabou se tornando presidente e quem \u00e9 o atual governador? Com certeza Serra e Paulo Solto nada podem fazer por Itapetinga neste momento apesar dos in\u00fameros votos. Dar-se a impress\u00e3o tamb\u00e9m, que estes senhores n\u00e3o est\u00e3o sintonizados com a pol\u00edtica brasileira, como podem garantir algo com os governantes sabendo que pouco se faz com recursos pr\u00f3prios do munic\u00edpio, ficando sempre a merc\u00ea dos conv\u00eanios.<\/em><\/p>\n<p><em>Penso que o prefeito do PT se derrota sozinho mediante sua in\u00e9rcia administrativa e o que o conduziu \u00e0 prefeitura foi a esperan\u00e7a do povo de superar os velhos caciques j\u00e1 sem credibilidade por suas a\u00e7\u00f5es. Penso ainda que a popula\u00e7\u00e3o de Itapetinga esteja esperando um projeto que busque o seu progresso, sua sustenta\u00e7\u00e3o, frente sua fragilidade atual, como o epis\u00f3dio de amea\u00e7a da Vulcabras\/Azal\u00e9ia sair de Itapetinga por exemplo.<\/em><\/p>\n<p><em>Quem pensa grande por Itapetinga, est\u00e1 acima da oposi\u00e7\u00e3o por oposi\u00e7\u00e3o. O cen\u00e1rio que se apresenta no momento \u00e9 de que o prefeito n\u00e3o arruma mais sua casa e que a cidade est\u00e1 ansiosa para unir-se ao novo. Esta foto, portanto, da ultima semana nos parece remendos de roupa velha e nada que pare\u00e7a novo para esta cidade t\u00e3o mo\u00e7a que sonha com um belo mo\u00e7o chamado futuro e n\u00e3o com o namorado esquecido chamado passado.<\/em><\/p>\n<p><em> <strong>Vereador Gilson de Jesus<\/strong><\/em><\/p>\n","protected":false},"excerpt":{"rendered":"<p>Vereador Gilson de Jesus na \u00e9poca dos &#8220;velhos caciques&#8221; &#8220;Esta foto, portanto, &#8230; nos parece remendos de roupa velha e nada que pare\u00e7a novo para esta cidade t\u00e3o mo\u00e7a que sonha com um belo mo\u00e7o chamado futuro e n\u00e3o com o namorado esquecido chamado passado. Gilson de Jesus&#8221; ITAPETINGA: Circulou pela rede, na tarde desta [&hellip;]<\/p>\n","protected":false},"author":2,"featured_media":0,"comment_status":"open","ping_status":"open","sticky":false,"template":"","format":"standard","meta":{"footnotes":"","_links_to":"","_links_to_target":""},"categories":[1],"tags":[],"class_list":["post-8066","post","type-post","status-publish","format-standard","hentry","category-geral"],"views":1336,"_links":{"self":[{"href":"https:\/\/www.sudoestehoje.com.br\/novoportal\/wp-json\/wp\/v2\/posts\/8066","targetHints":{"allow":["GET"]}}],"collection":[{"href":"https:\/\/www.sudoestehoje.com.br\/novoportal\/wp-json\/wp\/v2\/posts"}],"about":[{"href":"https:\/\/www.sudoestehoje.com.br\/novoportal\/wp-json\/wp\/v2\/types\/post"}],"author":[{"embeddable":true,"href":"https:\/\/www.sudoestehoje.com.br\/novoportal\/wp-json\/wp\/v2\/users\/2"}],"replies":[{"embeddable":true,"href":"https:\/\/www.sudoestehoje.com.br\/novoportal\/wp-json\/wp\/v2\/comments?post=8066"}],"version-history":[{"count":6,"href":"https:\/\/www.sudoestehoje.com.br\/novoportal\/wp-json\/wp\/v2\/posts\/8066\/revisions"}],"predecessor-version":[{"id":8072,"href":"https:\/\/www.sudoestehoje.com.br\/novoportal\/wp-json\/wp\/v2\/posts\/8066\/revisions\/8072"}],"wp:attachment":[{"href":"https:\/\/www.sudoestehoje.com.br\/novoportal\/wp-json\/wp\/v2\/media?parent=8066"}],"wp:term":[{"taxonomy":"category","embeddable":true,"href":"https:\/\/www.sudoestehoje.com.br\/novoportal\/wp-json\/wp\/v2\/categories?post=8066"},{"taxonomy":"post_tag","embeddable":true,"href":"https:\/\/www.sudoestehoje.com.br\/novoportal\/wp-json\/wp\/v2\/tags?post=8066"}],"curies":[{"name":"wp","href":"https:\/\/api.w.org\/{rel}","templated":true}]}}