
{"id":80646,"date":"2019-06-28T23:03:51","date_gmt":"2019-06-29T02:03:51","guid":{"rendered":"https:\/\/www.sudoestehoje.com.br\/novoportal\/?p=80646"},"modified":"2019-06-28T23:03:52","modified_gmt":"2019-06-29T02:03:52","slug":"bandidos-usam-carro-no-arrombamento-e-furto-de-mais-uma-loja-em-ibicarai","status":"publish","type":"post","link":"https:\/\/www.sudoestehoje.com.br\/novoportal\/2019\/06\/28\/bandidos-usam-carro-no-arrombamento-e-furto-de-mais-uma-loja-em-ibicarai\/","title":{"rendered":"BANDIDOS USAM CARRO NO ARROMBAMENTO E FURTO DE MAIS UMA LOJA EM IBICARA\u00cd"},"content":{"rendered":"<p><a href=\"https:\/\/www.sudoestehoje.com.br\/novoportal\/wp-content\/uploads\/2019\/06\/Loja-arrombada-em-Ibicara\u00ed-580x426.jpg\"><img loading=\"lazy\" decoding=\"async\" class=\"aligncenter size-medium wp-image-80647\" src=\"https:\/\/www.sudoestehoje.com.br\/novoportal\/wp-content\/uploads\/2019\/06\/Loja-arrombada-em-Ibicara\u00ed-580x426-500x367.jpg\" alt=\"\" width=\"500\" height=\"367\" srcset=\"https:\/\/www.sudoestehoje.com.br\/novoportal\/wp-content\/uploads\/2019\/06\/Loja-arrombada-em-Ibicara\u00ed-580x426-500x367.jpg 500w, https:\/\/www.sudoestehoje.com.br\/novoportal\/wp-content\/uploads\/2019\/06\/Loja-arrombada-em-Ibicara\u00ed-580x426.jpg 580w\" sizes=\"auto, (max-width: 500px) 100vw, 500px\" \/><\/a><\/p>\n<p>Bandidos usaram um carro para o arrombamento de mais um estabelecimento comercial no sul da Bahia. Desta vez, os marginais invadiram uma loja de eletrodom\u00e9sticos na cidade de Ibicara\u00ed, na madrugada desta sexta-feira (28). Pelo menos cinco ladr\u00f5es participaram da a\u00e7\u00e3o criminosa, que durou pouco mais de um minuto. Um deles dirigia o ve\u00edculo e outros quatro entraram no estabelecimento e carregaram os produtos.<\/p>\n<p>A invas\u00e3o ocorreu por volta das 3 da madrugada e os bandidos levaram televisores, aparelhos de som, celulares e ventiladores. A a\u00e7\u00e3o dos marginais foi flagrada por c\u00e2meras de seguran\u00e7a do estabelecimento, que pouco devem ajudar nas investiga\u00e7\u00f5es da pol\u00edcia porque tr\u00eas deles estavam encapuzados e um quarto usava capacete.<\/p>\n<p>As imagens mostram que um dos criminosos pula o balc\u00e3o do estabelecimento e vai at\u00e9 o caixa. Mostram ainda dois deles retirando at\u00e9 os aparelhos de televisores que estavam em suporte na parede da loja. Toda a a\u00e7\u00e3o dos bandidos dura um minuto e 10 segundos.<\/p>\n<p>A pol\u00edcia ainda n\u00e3o tem pista dos marginais, que usaram mesmo m\u00e9todo de ataques registrados neste m\u00eas em munic\u00edpios como Itabuna, Mascote e Itap\u00e9. Em nenhum dos casos, a pol\u00edcia conseguiu prender os criminosos. O dono da loja em Ibicara\u00ed n\u00e3o informou o valor do preju\u00edzo. <em>\/\/Pimenta<\/em><\/p>\n","protected":false},"excerpt":{"rendered":"<p>Bandidos usaram um carro para o arrombamento de mais um estabelecimento comercial no sul da Bahia. Desta vez, os marginais invadiram uma loja de eletrodom\u00e9sticos na cidade de Ibicara\u00ed, na madrugada desta sexta-feira (28). Pelo menos cinco ladr\u00f5es participaram da a\u00e7\u00e3o criminosa, que durou pouco mais de um minuto. Um deles dirigia o ve\u00edculo e [&hellip;]<\/p>\n","protected":false},"author":2,"featured_media":80647,"comment_status":"open","ping_status":"open","sticky":false,"template":"","format":"standard","meta":{"footnotes":"","_links_to":"","_links_to_target":""},"categories":[1],"tags":[],"class_list":["post-80646","post","type-post","status-publish","format-standard","has-post-thumbnail","hentry","category-geral"],"views":763,"_links":{"self":[{"href":"https:\/\/www.sudoestehoje.com.br\/novoportal\/wp-json\/wp\/v2\/posts\/80646","targetHints":{"allow":["GET"]}}],"collection":[{"href":"https:\/\/www.sudoestehoje.com.br\/novoportal\/wp-json\/wp\/v2\/posts"}],"about":[{"href":"https:\/\/www.sudoestehoje.com.br\/novoportal\/wp-json\/wp\/v2\/types\/post"}],"author":[{"embeddable":true,"href":"https:\/\/www.sudoestehoje.com.br\/novoportal\/wp-json\/wp\/v2\/users\/2"}],"replies":[{"embeddable":true,"href":"https:\/\/www.sudoestehoje.com.br\/novoportal\/wp-json\/wp\/v2\/comments?post=80646"}],"version-history":[{"count":1,"href":"https:\/\/www.sudoestehoje.com.br\/novoportal\/wp-json\/wp\/v2\/posts\/80646\/revisions"}],"predecessor-version":[{"id":80648,"href":"https:\/\/www.sudoestehoje.com.br\/novoportal\/wp-json\/wp\/v2\/posts\/80646\/revisions\/80648"}],"wp:featuredmedia":[{"embeddable":true,"href":"https:\/\/www.sudoestehoje.com.br\/novoportal\/wp-json\/wp\/v2\/media\/80647"}],"wp:attachment":[{"href":"https:\/\/www.sudoestehoje.com.br\/novoportal\/wp-json\/wp\/v2\/media?parent=80646"}],"wp:term":[{"taxonomy":"category","embeddable":true,"href":"https:\/\/www.sudoestehoje.com.br\/novoportal\/wp-json\/wp\/v2\/categories?post=80646"},{"taxonomy":"post_tag","embeddable":true,"href":"https:\/\/www.sudoestehoje.com.br\/novoportal\/wp-json\/wp\/v2\/tags?post=80646"}],"curies":[{"name":"wp","href":"https:\/\/api.w.org\/{rel}","templated":true}]}}