
{"id":80643,"date":"2019-06-28T22:24:15","date_gmt":"2019-06-29T01:24:15","guid":{"rendered":"https:\/\/www.sudoestehoje.com.br\/novoportal\/?p=80643"},"modified":"2019-06-28T22:24:15","modified_gmt":"2019-06-29T01:24:15","slug":"contas-de-luz-ficam-mais-caras-em-julho","status":"publish","type":"post","link":"https:\/\/www.sudoestehoje.com.br\/novoportal\/2019\/06\/28\/contas-de-luz-ficam-mais-caras-em-julho\/","title":{"rendered":"CONTAS DE LUZ FICAM MAIS CARAS EM JULHO"},"content":{"rendered":"<p><a href=\"https:\/\/www.sudoestehoje.com.br\/novoportal\/wp-content\/uploads\/2019\/06\/conta-luz.jpg\"><img loading=\"lazy\" decoding=\"async\" class=\"aligncenter size-medium wp-image-80644\" src=\"https:\/\/www.sudoestehoje.com.br\/novoportal\/wp-content\/uploads\/2019\/06\/conta-luz-500x260.jpg\" alt=\"\" width=\"500\" height=\"260\" srcset=\"https:\/\/www.sudoestehoje.com.br\/novoportal\/wp-content\/uploads\/2019\/06\/conta-luz-500x260.jpg 500w, https:\/\/www.sudoestehoje.com.br\/novoportal\/wp-content\/uploads\/2019\/06\/conta-luz.jpg 692w\" sizes=\"auto, (max-width: 500px) 100vw, 500px\" \/><\/a><\/p>\n<p>Os brasileiros pagar\u00e3o mais caro na conta de energia no m\u00eas de julho, conforme anunciado pela Ag\u00eancia Nacional de Energia El\u00e9trica (Aneel) nesta sexta-feira (28). A bandeira tarif\u00e1ria de julho ser\u00e1 amarela, o que significa uma cobran\u00e7a extra de R$ 1,50 a cada 100 quilowatts-hora consumidos.<\/p>\n<p>Ao longo do m\u00eas de junho, esteve em vigor a bandeira verde. Neste patamar, n\u00e3o h\u00e1 cobran\u00e7a extra nas contas de luz.<\/p>\n<p>O sistema de bandeiras tarif\u00e1rias varia de acordo com o custo de gera\u00e7\u00e3o de energia. O objetivo \u00e9 informar aos consumidores quando esse custo aumenta e permitir que eles reduzam o uso para evitar pagar uma conta de luz mais cara.<\/p>\n<p>Segundo informado pela Aneel, a mudan\u00e7a para a bandeira amarela se deu em virtude das previs\u00f5es de chuvas abaixo da m\u00e9dia na regi\u00e3o onde est\u00e3o as principais hidrel\u00e9tricas do pa\u00eds durante m\u00eas de julho.<\/p>\n","protected":false},"excerpt":{"rendered":"<p>Os brasileiros pagar\u00e3o mais caro na conta de energia no m\u00eas de julho, conforme anunciado pela Ag\u00eancia Nacional de Energia El\u00e9trica (Aneel) nesta sexta-feira (28). A bandeira tarif\u00e1ria de julho ser\u00e1 amarela, o que significa uma cobran\u00e7a extra de R$ 1,50 a cada 100 quilowatts-hora consumidos. Ao longo do m\u00eas de junho, esteve em vigor [&hellip;]<\/p>\n","protected":false},"author":2,"featured_media":80644,"comment_status":"open","ping_status":"open","sticky":false,"template":"","format":"standard","meta":{"footnotes":"","_links_to":"","_links_to_target":""},"categories":[1],"tags":[],"class_list":["post-80643","post","type-post","status-publish","format-standard","has-post-thumbnail","hentry","category-geral"],"views":908,"_links":{"self":[{"href":"https:\/\/www.sudoestehoje.com.br\/novoportal\/wp-json\/wp\/v2\/posts\/80643","targetHints":{"allow":["GET"]}}],"collection":[{"href":"https:\/\/www.sudoestehoje.com.br\/novoportal\/wp-json\/wp\/v2\/posts"}],"about":[{"href":"https:\/\/www.sudoestehoje.com.br\/novoportal\/wp-json\/wp\/v2\/types\/post"}],"author":[{"embeddable":true,"href":"https:\/\/www.sudoestehoje.com.br\/novoportal\/wp-json\/wp\/v2\/users\/2"}],"replies":[{"embeddable":true,"href":"https:\/\/www.sudoestehoje.com.br\/novoportal\/wp-json\/wp\/v2\/comments?post=80643"}],"version-history":[{"count":1,"href":"https:\/\/www.sudoestehoje.com.br\/novoportal\/wp-json\/wp\/v2\/posts\/80643\/revisions"}],"predecessor-version":[{"id":80645,"href":"https:\/\/www.sudoestehoje.com.br\/novoportal\/wp-json\/wp\/v2\/posts\/80643\/revisions\/80645"}],"wp:featuredmedia":[{"embeddable":true,"href":"https:\/\/www.sudoestehoje.com.br\/novoportal\/wp-json\/wp\/v2\/media\/80644"}],"wp:attachment":[{"href":"https:\/\/www.sudoestehoje.com.br\/novoportal\/wp-json\/wp\/v2\/media?parent=80643"}],"wp:term":[{"taxonomy":"category","embeddable":true,"href":"https:\/\/www.sudoestehoje.com.br\/novoportal\/wp-json\/wp\/v2\/categories?post=80643"},{"taxonomy":"post_tag","embeddable":true,"href":"https:\/\/www.sudoestehoje.com.br\/novoportal\/wp-json\/wp\/v2\/tags?post=80643"}],"curies":[{"name":"wp","href":"https:\/\/api.w.org\/{rel}","templated":true}]}}