
{"id":80638,"date":"2019-06-28T20:00:53","date_gmt":"2019-06-28T23:00:53","guid":{"rendered":"https:\/\/www.sudoestehoje.com.br\/novoportal\/?p=80638"},"modified":"2019-06-28T20:00:53","modified_gmt":"2019-06-28T23:00:53","slug":"itapetinga-prefeitura-e-fundacao-jose-silveira-vao-realizar-feira-de-saude-e-mutirao-de-cirurgias-em-julho","status":"publish","type":"post","link":"https:\/\/www.sudoestehoje.com.br\/novoportal\/2019\/06\/28\/itapetinga-prefeitura-e-fundacao-jose-silveira-vao-realizar-feira-de-saude-e-mutirao-de-cirurgias-em-julho\/","title":{"rendered":"ITAPETINGA: PREFEITURA E FUNDA\u00c7\u00c3O JOS\u00c9 SILVEIRA V\u00c3O REALIZAR FEIRA DE SA\u00daDE E MUTIR\u00c3O DE CIRURGIAS EM JULHO"},"content":{"rendered":"<p><a href=\"https:\/\/www.sudoestehoje.com.br\/novoportal\/wp-content\/uploads\/2019\/06\/feira.jpg\"><img loading=\"lazy\" decoding=\"async\" class=\"aligncenter size-medium wp-image-80640\" src=\"https:\/\/www.sudoestehoje.com.br\/novoportal\/wp-content\/uploads\/2019\/06\/feira-500x288.jpg\" alt=\"\" width=\"500\" height=\"288\" srcset=\"https:\/\/www.sudoestehoje.com.br\/novoportal\/wp-content\/uploads\/2019\/06\/feira-500x288.jpg 500w, https:\/\/www.sudoestehoje.com.br\/novoportal\/wp-content\/uploads\/2019\/06\/feira-768x443.jpg 768w, https:\/\/www.sudoestehoje.com.br\/novoportal\/wp-content\/uploads\/2019\/06\/feira-700x403.jpg 700w, https:\/\/www.sudoestehoje.com.br\/novoportal\/wp-content\/uploads\/2019\/06\/feira.jpg 1024w\" sizes=\"auto, (max-width: 500px) 100vw, 500px\" \/><\/a><\/p>\n<p>A Prefeitura de Itapetinga , atrav\u00e9s de parceria entre a Funda\u00e7\u00e3o Jos\u00e9 Silveira e a Secretaria Municipal de Sa\u00fade, realizar\u00e1 mutir\u00e3o de cirurgias no munic\u00edpio, no pr\u00f3ximo m\u00eas de Julho, Feira de Sa\u00fade e primeira etapa do Mutir\u00e3o de Cirurgias. Os procedimentos ser\u00e3o realizados no hospital Cristo Redentor atrav\u00e9s de marca\u00e7\u00e3o via CDM.<\/p>\n<p>As cirurgias de m\u00e9dia e alta complexidade atender\u00e3o demandas do munic\u00edpio e dos que est\u00e3o pactuados com a cidade.<em> \u201cN\u00f3s em parceria com FJS estamos satisfeitos em anunciar mais uma feira de sa\u00fade e o Mutir\u00e3o de cirurgias. \u00c9 sem d\u00favida nenhuma, a maior satisfa\u00e7\u00e3o para um gestor poder levar mais atendimentos cir\u00fargicos, ambulatorial e de exames a popula\u00e7\u00e3o do munic\u00edpio&#8221;<\/em>, afirmou o Prefeito Rodrigo Hagge.<\/p>\n<p>Segundo a Coordenadora Institucional da FJS em Itapetinga, Ana B\u00e1rbara Matos, nesta primeira etapa, ser\u00e3o realizados 153 procedimentos cir\u00fargicos eletivos. J\u00e1 na Feira de Sa\u00fade, ser\u00e3o oferecidos atendimentos gratuitos em diversas especialidades, como <strong>pediatria , cardiologia, ultrassonografia, odontologia, ginecologia, cl\u00ednica m\u00e9dica<\/strong>, entre outras.<\/p>\n","protected":false},"excerpt":{"rendered":"<p>A Prefeitura de Itapetinga , atrav\u00e9s de parceria entre a Funda\u00e7\u00e3o Jos\u00e9 Silveira e a Secretaria Municipal de Sa\u00fade, realizar\u00e1 mutir\u00e3o de cirurgias no munic\u00edpio, no pr\u00f3ximo m\u00eas de Julho, Feira de Sa\u00fade e primeira etapa do Mutir\u00e3o de Cirurgias. Os procedimentos ser\u00e3o realizados no hospital Cristo Redentor atrav\u00e9s de marca\u00e7\u00e3o via CDM. As cirurgias [&hellip;]<\/p>\n","protected":false},"author":2,"featured_media":80640,"comment_status":"open","ping_status":"open","sticky":false,"template":"","format":"standard","meta":{"footnotes":"","_links_to":"","_links_to_target":""},"categories":[1],"tags":[],"class_list":["post-80638","post","type-post","status-publish","format-standard","has-post-thumbnail","hentry","category-geral"],"views":996,"_links":{"self":[{"href":"https:\/\/www.sudoestehoje.com.br\/novoportal\/wp-json\/wp\/v2\/posts\/80638","targetHints":{"allow":["GET"]}}],"collection":[{"href":"https:\/\/www.sudoestehoje.com.br\/novoportal\/wp-json\/wp\/v2\/posts"}],"about":[{"href":"https:\/\/www.sudoestehoje.com.br\/novoportal\/wp-json\/wp\/v2\/types\/post"}],"author":[{"embeddable":true,"href":"https:\/\/www.sudoestehoje.com.br\/novoportal\/wp-json\/wp\/v2\/users\/2"}],"replies":[{"embeddable":true,"href":"https:\/\/www.sudoestehoje.com.br\/novoportal\/wp-json\/wp\/v2\/comments?post=80638"}],"version-history":[{"count":3,"href":"https:\/\/www.sudoestehoje.com.br\/novoportal\/wp-json\/wp\/v2\/posts\/80638\/revisions"}],"predecessor-version":[{"id":80642,"href":"https:\/\/www.sudoestehoje.com.br\/novoportal\/wp-json\/wp\/v2\/posts\/80638\/revisions\/80642"}],"wp:featuredmedia":[{"embeddable":true,"href":"https:\/\/www.sudoestehoje.com.br\/novoportal\/wp-json\/wp\/v2\/media\/80640"}],"wp:attachment":[{"href":"https:\/\/www.sudoestehoje.com.br\/novoportal\/wp-json\/wp\/v2\/media?parent=80638"}],"wp:term":[{"taxonomy":"category","embeddable":true,"href":"https:\/\/www.sudoestehoje.com.br\/novoportal\/wp-json\/wp\/v2\/categories?post=80638"},{"taxonomy":"post_tag","embeddable":true,"href":"https:\/\/www.sudoestehoje.com.br\/novoportal\/wp-json\/wp\/v2\/tags?post=80638"}],"curies":[{"name":"wp","href":"https:\/\/api.w.org\/{rel}","templated":true}]}}