
{"id":80634,"date":"2019-06-28T19:40:06","date_gmt":"2019-06-28T22:40:06","guid":{"rendered":"https:\/\/www.sudoestehoje.com.br\/novoportal\/?p=80634"},"modified":"2019-06-28T19:40:06","modified_gmt":"2019-06-28T22:40:06","slug":"helicoptero-com-governador-rui-costa-faz-pouso-de-seguranca-no-sul-da-bahia","status":"publish","type":"post","link":"https:\/\/www.sudoestehoje.com.br\/novoportal\/2019\/06\/28\/helicoptero-com-governador-rui-costa-faz-pouso-de-seguranca-no-sul-da-bahia\/","title":{"rendered":"HELIC\u00d3PTERO COM GOVERNADOR RUI COSTA FAZ POUSO DE SEGURAN\u00c7A NO SUL DA BAHIA"},"content":{"rendered":"<div class=\"mc-column content-text active-extra-styles \" data-block-type=\"unstyled\" data-block-weight=\"34\" data-block-id=\"2\">\n<p data-track-category=\"Link no Texto\" data-track-links=\"\"><a href=\"https:\/\/www.sudoestehoje.com.br\/novoportal\/wp-content\/uploads\/2019\/06\/governador.jpg\"><img loading=\"lazy\" decoding=\"async\" class=\"aligncenter size-medium wp-image-80636\" src=\"https:\/\/www.sudoestehoje.com.br\/novoportal\/wp-content\/uploads\/2019\/06\/governador-500x313.jpg\" alt=\"\" width=\"500\" height=\"313\" srcset=\"https:\/\/www.sudoestehoje.com.br\/novoportal\/wp-content\/uploads\/2019\/06\/governador-500x313.jpg 500w, https:\/\/www.sudoestehoje.com.br\/novoportal\/wp-content\/uploads\/2019\/06\/governador.jpg 640w\" sizes=\"auto, (max-width: 500px) 100vw, 500px\" \/><\/a><\/p>\n<p class=\"content-text__container \" data-track-category=\"Link no Texto\" data-track-links=\"\">Um helic\u00f3ptero com o governador Rui Costa fez um pouso de seguran\u00e7a na cidade de Uru\u00e7uca, no sul da Bahia, na tarde desta sexta-feira (28). A aterrissagem foi feita em um campo de futebol.<\/p>\n<\/div>\n<div class=\"wall protected-content\">\n<div class=\"mc-column content-text active-extra-styles \" data-block-type=\"unstyled\" data-block-weight=\"39\" data-block-id=\"3\">\n<p class=\"content-text__container \" data-track-category=\"Link no Texto\" data-track-links=\"\">De acordo com a assessoria de Comunica\u00e7\u00e3o do governo, o pouso foi por precau\u00e7\u00e3o, porque o tempo estava inst\u00e1vel na cidade de Ilh\u00e9us, de onde o helic\u00f3ptero partiu. O governador e as pessoas que estavam no ve\u00edculo passam bem.<\/p>\n<\/div>\n<div class=\"mc-column content-text active-extra-styles \" data-block-type=\"unstyled\" data-block-weight=\"24\" data-block-id=\"4\">\n<p class=\"content-text__container \" data-track-category=\"Link no Texto\" data-track-links=\"\">Depois do pouso, o governador seguiu de carro at\u00e9 Ipia\u00fa, que fica a cerca de 96 km de Uru\u00e7uca, onde cumpre agenda nesta sexta.<\/p>\n<\/div>\n<div class=\"mc-column content-text active-extra-styles \" data-block-type=\"unstyled\" data-block-weight=\"17\" data-block-id=\"5\">\n<p class=\"content-text__container \" data-track-category=\"Link no Texto\" data-track-links=\"\">A assessoria reiterou que o pouso n\u00e3o foi for\u00e7ado e que a aeronave n\u00e3o apresentou problemas. \/\/<em>G1<\/em><\/p>\n<\/div>\n<\/div>\n","protected":false},"excerpt":{"rendered":"<p>Um helic\u00f3ptero com o governador Rui Costa fez um pouso de seguran\u00e7a na cidade de Uru\u00e7uca, no sul da Bahia, na tarde desta sexta-feira (28). A aterrissagem foi feita em um campo de futebol. De acordo com a assessoria de Comunica\u00e7\u00e3o do governo, o pouso foi por precau\u00e7\u00e3o, porque o tempo estava inst\u00e1vel na cidade [&hellip;]<\/p>\n","protected":false},"author":2,"featured_media":80636,"comment_status":"open","ping_status":"open","sticky":false,"template":"","format":"standard","meta":{"footnotes":"","_links_to":"","_links_to_target":""},"categories":[1],"tags":[],"class_list":["post-80634","post","type-post","status-publish","format-standard","has-post-thumbnail","hentry","category-geral"],"views":726,"_links":{"self":[{"href":"https:\/\/www.sudoestehoje.com.br\/novoportal\/wp-json\/wp\/v2\/posts\/80634","targetHints":{"allow":["GET"]}}],"collection":[{"href":"https:\/\/www.sudoestehoje.com.br\/novoportal\/wp-json\/wp\/v2\/posts"}],"about":[{"href":"https:\/\/www.sudoestehoje.com.br\/novoportal\/wp-json\/wp\/v2\/types\/post"}],"author":[{"embeddable":true,"href":"https:\/\/www.sudoestehoje.com.br\/novoportal\/wp-json\/wp\/v2\/users\/2"}],"replies":[{"embeddable":true,"href":"https:\/\/www.sudoestehoje.com.br\/novoportal\/wp-json\/wp\/v2\/comments?post=80634"}],"version-history":[{"count":2,"href":"https:\/\/www.sudoestehoje.com.br\/novoportal\/wp-json\/wp\/v2\/posts\/80634\/revisions"}],"predecessor-version":[{"id":80637,"href":"https:\/\/www.sudoestehoje.com.br\/novoportal\/wp-json\/wp\/v2\/posts\/80634\/revisions\/80637"}],"wp:featuredmedia":[{"embeddable":true,"href":"https:\/\/www.sudoestehoje.com.br\/novoportal\/wp-json\/wp\/v2\/media\/80636"}],"wp:attachment":[{"href":"https:\/\/www.sudoestehoje.com.br\/novoportal\/wp-json\/wp\/v2\/media?parent=80634"}],"wp:term":[{"taxonomy":"category","embeddable":true,"href":"https:\/\/www.sudoestehoje.com.br\/novoportal\/wp-json\/wp\/v2\/categories?post=80634"},{"taxonomy":"post_tag","embeddable":true,"href":"https:\/\/www.sudoestehoje.com.br\/novoportal\/wp-json\/wp\/v2\/tags?post=80634"}],"curies":[{"name":"wp","href":"https:\/\/api.w.org\/{rel}","templated":true}]}}