
{"id":80627,"date":"2019-06-28T19:11:17","date_gmt":"2019-06-28T22:11:17","guid":{"rendered":"https:\/\/www.sudoestehoje.com.br\/novoportal\/?p=80627"},"modified":"2019-06-28T19:11:17","modified_gmt":"2019-06-28T22:11:17","slug":"comeca-hoje-o-sao-pedro-de-macarani","status":"publish","type":"post","link":"https:\/\/www.sudoestehoje.com.br\/novoportal\/2019\/06\/28\/comeca-hoje-o-sao-pedro-de-macarani\/","title":{"rendered":"COME\u00c7A HOJE O S\u00c3O PEDRO DE MACARANI"},"content":{"rendered":"<p><a href=\"https:\/\/www.sudoestehoje.com.br\/novoportal\/wp-content\/uploads\/2019\/06\/S\u00c3O-PEDRO-MACARANI-2019-500x613-1-500x613-1.jpg\"><img loading=\"lazy\" decoding=\"async\" class=\"aligncenter size-medium wp-image-80628\" src=\"https:\/\/www.sudoestehoje.com.br\/novoportal\/wp-content\/uploads\/2019\/06\/S\u00c3O-PEDRO-MACARANI-2019-500x613-1-500x613-1-500x613.jpg\" alt=\"\" width=\"500\" height=\"613\" \/><\/a><\/p>\n<p>Come\u00e7a, na noite desta sexta-feira (28), a tradicional Festa de S\u00e3o Pedro de Macarani, uma das mais movimentadas do interior da Bahia.<\/p>\n<p>Para abrir a festa que vai at\u00e9 o pr\u00f3ximo domingo (30), estar\u00e3o se apresentando no palco principal <strong><em>Tiago Kabar\u00e9, Serginho de Goi\u00e1s e D&#8217;Awila da Bahia. <\/em><\/strong><\/p>\n<p>No s\u00e1bado (29), se apresentar\u00e3o <strong><em>Can\u00e1rios do Reino, Calcinha Preta e Pedrinho Aguiar e Banda.\u00a0<\/em><\/strong>Para encerrar a festa no domingo, <strong><em>Caviar com Rapadura e Suenildo e Cia.<\/em><\/strong><\/p>\n<p>O S\u00e3o Pedro \u00e9 realizado pela Prefeitura de Macarani.<\/p>\n\n\t\t<style type=\"text\/css\">\n\t\t\t#gallery-1 {\n\t\t\t\tmargin: auto;\n\t\t\t}\n\t\t\t#gallery-1 .gallery-item {\n\t\t\t\tfloat: left;\n\t\t\t\tmargin-top: 10px;\n\t\t\t\ttext-align: center;\n\t\t\t\twidth: 33%;\n\t\t\t}\n\t\t\t#gallery-1 img {\n\t\t\t\tborder: 2px solid #cfcfcf;\n\t\t\t}\n\t\t\t#gallery-1 .gallery-caption {\n\t\t\t\tmargin-left: 0;\n\t\t\t}\n\t\t\t\/* see gallery_shortcode() in wp-includes\/media.php *\/\n\t\t<\/style>\n\t\t<div id='gallery-1' class='gallery galleryid-80627 gallery-columns-3 gallery-size-thumbnail'><dl class='gallery-item'>\n\t\t\t<dt class='gallery-icon portrait'>\n\t\t\t\t<a href='https:\/\/www.sudoestehoje.com.br\/novoportal\/2019\/06\/28\/comeca-hoje-o-sao-pedro-de-macarani\/mac-sexta\/'><img loading=\"lazy\" decoding=\"async\" width=\"150\" height=\"150\" src=\"https:\/\/www.sudoestehoje.com.br\/novoportal\/wp-content\/uploads\/2019\/06\/mac-sexta-150x150.jpg\" class=\"attachment-thumbnail size-thumbnail\" alt=\"\" \/><\/a>\n\t\t\t<\/dt><\/dl><dl class='gallery-item'>\n\t\t\t<dt class='gallery-icon portrait'>\n\t\t\t\t<a href='https:\/\/www.sudoestehoje.com.br\/novoportal\/2019\/06\/28\/comeca-hoje-o-sao-pedro-de-macarani\/mac-sab\/'><img loading=\"lazy\" decoding=\"async\" width=\"150\" height=\"150\" src=\"https:\/\/www.sudoestehoje.com.br\/novoportal\/wp-content\/uploads\/2019\/06\/mac-sab-150x150.jpg\" class=\"attachment-thumbnail size-thumbnail\" alt=\"\" \/><\/a>\n\t\t\t<\/dt><\/dl><dl class='gallery-item'>\n\t\t\t<dt class='gallery-icon portrait'>\n\t\t\t\t<a href='https:\/\/www.sudoestehoje.com.br\/novoportal\/2019\/06\/28\/comeca-hoje-o-sao-pedro-de-macarani\/mac-dom\/'><img loading=\"lazy\" decoding=\"async\" width=\"150\" height=\"150\" src=\"https:\/\/www.sudoestehoje.com.br\/novoportal\/wp-content\/uploads\/2019\/06\/mac-dom-150x150.jpg\" class=\"attachment-thumbnail size-thumbnail\" alt=\"\" \/><\/a>\n\t\t\t<\/dt><\/dl><br style=\"clear: both\" \/>\n\t\t<\/div>\n\n","protected":false},"excerpt":{"rendered":"<p>Come\u00e7a, na noite desta sexta-feira (28), a tradicional Festa de S\u00e3o Pedro de Macarani, uma das mais movimentadas do interior da Bahia. Para abrir a festa que vai at\u00e9 o pr\u00f3ximo domingo (30), estar\u00e3o se apresentando no palco principal Tiago Kabar\u00e9, Serginho de Goi\u00e1s e D&#8217;Awila da Bahia. No s\u00e1bado (29), se apresentar\u00e3o Can\u00e1rios do [&hellip;]<\/p>\n","protected":false},"author":2,"featured_media":80628,"comment_status":"open","ping_status":"open","sticky":false,"template":"","format":"standard","meta":{"footnotes":"","_links_to":"","_links_to_target":""},"categories":[1],"tags":[],"class_list":["post-80627","post","type-post","status-publish","format-standard","has-post-thumbnail","hentry","category-geral"],"views":1128,"_links":{"self":[{"href":"https:\/\/www.sudoestehoje.com.br\/novoportal\/wp-json\/wp\/v2\/posts\/80627","targetHints":{"allow":["GET"]}}],"collection":[{"href":"https:\/\/www.sudoestehoje.com.br\/novoportal\/wp-json\/wp\/v2\/posts"}],"about":[{"href":"https:\/\/www.sudoestehoje.com.br\/novoportal\/wp-json\/wp\/v2\/types\/post"}],"author":[{"embeddable":true,"href":"https:\/\/www.sudoestehoje.com.br\/novoportal\/wp-json\/wp\/v2\/users\/2"}],"replies":[{"embeddable":true,"href":"https:\/\/www.sudoestehoje.com.br\/novoportal\/wp-json\/wp\/v2\/comments?post=80627"}],"version-history":[{"count":2,"href":"https:\/\/www.sudoestehoje.com.br\/novoportal\/wp-json\/wp\/v2\/posts\/80627\/revisions"}],"predecessor-version":[{"id":80633,"href":"https:\/\/www.sudoestehoje.com.br\/novoportal\/wp-json\/wp\/v2\/posts\/80627\/revisions\/80633"}],"wp:featuredmedia":[{"embeddable":true,"href":"https:\/\/www.sudoestehoje.com.br\/novoportal\/wp-json\/wp\/v2\/media\/80628"}],"wp:attachment":[{"href":"https:\/\/www.sudoestehoje.com.br\/novoportal\/wp-json\/wp\/v2\/media?parent=80627"}],"wp:term":[{"taxonomy":"category","embeddable":true,"href":"https:\/\/www.sudoestehoje.com.br\/novoportal\/wp-json\/wp\/v2\/categories?post=80627"},{"taxonomy":"post_tag","embeddable":true,"href":"https:\/\/www.sudoestehoje.com.br\/novoportal\/wp-json\/wp\/v2\/tags?post=80627"}],"curies":[{"name":"wp","href":"https:\/\/api.w.org\/{rel}","templated":true}]}}