
{"id":80621,"date":"2019-06-28T18:29:13","date_gmt":"2019-06-28T21:29:13","guid":{"rendered":"https:\/\/www.sudoestehoje.com.br\/novoportal\/?p=80621"},"modified":"2019-06-28T18:29:13","modified_gmt":"2019-06-28T21:29:13","slug":"incendio-atinge-parte-do-hospital-do-coracao-em-sao-paulo","status":"publish","type":"post","link":"https:\/\/www.sudoestehoje.com.br\/novoportal\/2019\/06\/28\/incendio-atinge-parte-do-hospital-do-coracao-em-sao-paulo\/","title":{"rendered":"INC\u00caNDIO ATINGE PARTE DO HOSPITAL DO CORA\u00c7\u00c3O EM S\u00c3O PAULO"},"content":{"rendered":"<p data-reactid=\"22\"><a href=\"https:\/\/www.sudoestehoje.com.br\/novoportal\/wp-content\/uploads\/2019\/06\/hcor-1.jpg\"><img loading=\"lazy\" decoding=\"async\" class=\"aligncenter size-medium wp-image-80624\" src=\"https:\/\/www.sudoestehoje.com.br\/novoportal\/wp-content\/uploads\/2019\/06\/hcor-1-500x281.jpg\" alt=\"\" width=\"500\" height=\"281\" srcset=\"https:\/\/www.sudoestehoje.com.br\/novoportal\/wp-content\/uploads\/2019\/06\/hcor-1-500x281.jpg 500w, https:\/\/www.sudoestehoje.com.br\/novoportal\/wp-content\/uploads\/2019\/06\/hcor-1.jpg 685w\" sizes=\"auto, (max-width: 500px) 100vw, 500px\" \/><\/a><\/p>\n<p class=\"canvas-atom canvas-text Mb(1.0em) Mb(0)--sm Mt(0.8em)--sm\" data-reactid=\"22\">Um inc\u00eandio atinge o andar superior do Hospital do Cora\u00e7\u00e3o (HCor) em S\u00e3o Paulo. As chamas podem ser vistas \u00e0 dist\u00e2ncia no final da tarde desta sexta (28).<\/p>\n<p class=\"canvas-atom canvas-text Mb(1.0em) Mb(0)--sm Mt(0.8em)--sm\" data-reactid=\"23\">De acordo com informa\u00e7\u00f5es preliminares, as chamas atingiram o sistema de refrigera\u00e7\u00e3o dos hospital ap\u00f3s come\u00e7arem nas caldeiras.<\/p>\n<p class=\"canvas-atom canvas-text Mb(1.0em) Mb(0)--sm Mt(0.8em)--sm\" data-reactid=\"24\">Em janeiro, inc\u00eandio semelhante atingiu o Instituto do Cora\u00e7\u00e3o (Incor), em janeiro, tamb\u00e9m em S\u00e3o Paulo.<\/p>\n<p class=\"canvas-atom canvas-text Mb(1.0em) Mb(0)--sm Mt(0.8em)--sm\" data-reactid=\"25\">At\u00e9 o momento, de acordo com a Rede Globo, as chamas foram controladas por volta das 18h (Bras\u00edlia) e n\u00e3o h\u00e1 v\u00edtimas. Os pacientes est\u00e3o sendo transferidos.<\/p>\n<p class=\"canvas-atom canvas-text Mb(1.0em) Mb(0)--sm Mt(0.8em)--sm\" data-reactid=\"26\">O Corpo de Bombeiros agiu rapidamente com o envio de 18 viaturas que impediram que o inc\u00eandio tomasse maiores propor\u00e7\u00f5es.<\/p>\n<p class=\"canvas-atom canvas-text Mb(1.0em) Mb(0)--sm Mt(0.8em)--sm\" data-reactid=\"27\">Assista a v\u00eddeo de redes sociais que mostra as chamas:<\/p>\n","protected":false},"excerpt":{"rendered":"<p>Um inc\u00eandio atinge o andar superior do Hospital do Cora\u00e7\u00e3o (HCor) em S\u00e3o Paulo. As chamas podem ser vistas \u00e0 dist\u00e2ncia no final da tarde desta sexta (28). De acordo com informa\u00e7\u00f5es preliminares, as chamas atingiram o sistema de refrigera\u00e7\u00e3o dos hospital ap\u00f3s come\u00e7arem nas caldeiras. Em janeiro, inc\u00eandio semelhante atingiu o Instituto do Cora\u00e7\u00e3o [&hellip;]<\/p>\n","protected":false},"author":2,"featured_media":80624,"comment_status":"open","ping_status":"open","sticky":false,"template":"","format":"standard","meta":{"footnotes":"","_links_to":"","_links_to_target":""},"categories":[1],"tags":[],"class_list":["post-80621","post","type-post","status-publish","format-standard","has-post-thumbnail","hentry","category-geral"],"views":751,"_links":{"self":[{"href":"https:\/\/www.sudoestehoje.com.br\/novoportal\/wp-json\/wp\/v2\/posts\/80621","targetHints":{"allow":["GET"]}}],"collection":[{"href":"https:\/\/www.sudoestehoje.com.br\/novoportal\/wp-json\/wp\/v2\/posts"}],"about":[{"href":"https:\/\/www.sudoestehoje.com.br\/novoportal\/wp-json\/wp\/v2\/types\/post"}],"author":[{"embeddable":true,"href":"https:\/\/www.sudoestehoje.com.br\/novoportal\/wp-json\/wp\/v2\/users\/2"}],"replies":[{"embeddable":true,"href":"https:\/\/www.sudoestehoje.com.br\/novoportal\/wp-json\/wp\/v2\/comments?post=80621"}],"version-history":[{"count":2,"href":"https:\/\/www.sudoestehoje.com.br\/novoportal\/wp-json\/wp\/v2\/posts\/80621\/revisions"}],"predecessor-version":[{"id":80625,"href":"https:\/\/www.sudoestehoje.com.br\/novoportal\/wp-json\/wp\/v2\/posts\/80621\/revisions\/80625"}],"wp:featuredmedia":[{"embeddable":true,"href":"https:\/\/www.sudoestehoje.com.br\/novoportal\/wp-json\/wp\/v2\/media\/80624"}],"wp:attachment":[{"href":"https:\/\/www.sudoestehoje.com.br\/novoportal\/wp-json\/wp\/v2\/media?parent=80621"}],"wp:term":[{"taxonomy":"category","embeddable":true,"href":"https:\/\/www.sudoestehoje.com.br\/novoportal\/wp-json\/wp\/v2\/categories?post=80621"},{"taxonomy":"post_tag","embeddable":true,"href":"https:\/\/www.sudoestehoje.com.br\/novoportal\/wp-json\/wp\/v2\/tags?post=80621"}],"curies":[{"name":"wp","href":"https:\/\/api.w.org\/{rel}","templated":true}]}}