
{"id":80612,"date":"2019-06-26T20:35:41","date_gmt":"2019-06-26T23:35:41","guid":{"rendered":"https:\/\/www.sudoestehoje.com.br\/novoportal\/?p=80612"},"modified":"2019-06-26T20:35:41","modified_gmt":"2019-06-26T23:35:41","slug":"casas-bahia-vai-abrir-loja-em-itapetinga","status":"publish","type":"post","link":"https:\/\/www.sudoestehoje.com.br\/novoportal\/2019\/06\/26\/casas-bahia-vai-abrir-loja-em-itapetinga\/","title":{"rendered":"CASAS BAHIA VAI ABRIR LOJA EM ITAPETINGA"},"content":{"rendered":"<p><a href=\"https:\/\/www.sudoestehoje.com.br\/novoportal\/wp-content\/uploads\/2019\/06\/casas-bahia.jpg\"><img loading=\"lazy\" decoding=\"async\" class=\"aligncenter size-medium wp-image-80614\" src=\"https:\/\/www.sudoestehoje.com.br\/novoportal\/wp-content\/uploads\/2019\/06\/casas-bahia-500x313.jpg\" alt=\"\" width=\"500\" height=\"313\" srcset=\"https:\/\/www.sudoestehoje.com.br\/novoportal\/wp-content\/uploads\/2019\/06\/casas-bahia-500x313.jpg 500w, https:\/\/www.sudoestehoje.com.br\/novoportal\/wp-content\/uploads\/2019\/06\/casas-bahia-700x438.jpg 700w, https:\/\/www.sudoestehoje.com.br\/novoportal\/wp-content\/uploads\/2019\/06\/casas-bahia.jpg 750w\" sizes=\"auto, (max-width: 500px) 100vw, 500px\" \/><\/a><\/p>\n<p>Na pr\u00f3xima sexta-feira (28), representantes da rede de lojas Casas Bahia assinam, em Vit\u00f3ria da Conquista, contrato de loca\u00e7\u00e3o de um im\u00f3vel localizado no centro de Itapetinga, para instala\u00e7\u00e3o de uma filial na cidade.<\/p>\n<p>Segundo informa\u00e7\u00f5es do <em>Blog do Tarug\u00e3o<\/em>, o local escolhido \u00e9 o pr\u00e9dio onde funciona o Talism\u00e3 Magazine, tradicional loja de m\u00f3veis de alto padr\u00e3o de Itapetinga, fundada h\u00e1 quase 5 d\u00e9cadas pela fam\u00edlia Ivo.<\/p>\n<p>De acordo com as informa\u00e7\u00f5es, o pr\u00e9dio passar\u00e1 por reformas e adapta\u00e7\u00f5es para receber as Casas Bahia, com inaugura\u00e7\u00e3o prevista para o pr\u00f3ximo m\u00eas de agosto.<\/p>\n<p>A vinda de mais uma loja de departamento para Itapetinga vai gerar novos postos de trabalho, confirmando a tend\u00eancia de crescimento do com\u00e9rcio local.<\/p>\n<p><em><strong>Por Davi Ferraz<\/strong><\/em><\/p>\n","protected":false},"excerpt":{"rendered":"<p>Na pr\u00f3xima sexta-feira (28), representantes da rede de lojas Casas Bahia assinam, em Vit\u00f3ria da Conquista, contrato de loca\u00e7\u00e3o de um im\u00f3vel localizado no centro de Itapetinga, para instala\u00e7\u00e3o de uma filial na cidade. Segundo informa\u00e7\u00f5es do Blog do Tarug\u00e3o, o local escolhido \u00e9 o pr\u00e9dio onde funciona o Talism\u00e3 Magazine, tradicional loja de m\u00f3veis [&hellip;]<\/p>\n","protected":false},"author":2,"featured_media":80614,"comment_status":"open","ping_status":"open","sticky":false,"template":"","format":"standard","meta":{"footnotes":"","_links_to":"","_links_to_target":""},"categories":[1],"tags":[],"class_list":["post-80612","post","type-post","status-publish","format-standard","has-post-thumbnail","hentry","category-geral"],"views":2358,"_links":{"self":[{"href":"https:\/\/www.sudoestehoje.com.br\/novoportal\/wp-json\/wp\/v2\/posts\/80612","targetHints":{"allow":["GET"]}}],"collection":[{"href":"https:\/\/www.sudoestehoje.com.br\/novoportal\/wp-json\/wp\/v2\/posts"}],"about":[{"href":"https:\/\/www.sudoestehoje.com.br\/novoportal\/wp-json\/wp\/v2\/types\/post"}],"author":[{"embeddable":true,"href":"https:\/\/www.sudoestehoje.com.br\/novoportal\/wp-json\/wp\/v2\/users\/2"}],"replies":[{"embeddable":true,"href":"https:\/\/www.sudoestehoje.com.br\/novoportal\/wp-json\/wp\/v2\/comments?post=80612"}],"version-history":[{"count":2,"href":"https:\/\/www.sudoestehoje.com.br\/novoportal\/wp-json\/wp\/v2\/posts\/80612\/revisions"}],"predecessor-version":[{"id":80615,"href":"https:\/\/www.sudoestehoje.com.br\/novoportal\/wp-json\/wp\/v2\/posts\/80612\/revisions\/80615"}],"wp:featuredmedia":[{"embeddable":true,"href":"https:\/\/www.sudoestehoje.com.br\/novoportal\/wp-json\/wp\/v2\/media\/80614"}],"wp:attachment":[{"href":"https:\/\/www.sudoestehoje.com.br\/novoportal\/wp-json\/wp\/v2\/media?parent=80612"}],"wp:term":[{"taxonomy":"category","embeddable":true,"href":"https:\/\/www.sudoestehoje.com.br\/novoportal\/wp-json\/wp\/v2\/categories?post=80612"},{"taxonomy":"post_tag","embeddable":true,"href":"https:\/\/www.sudoestehoje.com.br\/novoportal\/wp-json\/wp\/v2\/tags?post=80612"}],"curies":[{"name":"wp","href":"https:\/\/api.w.org\/{rel}","templated":true}]}}