
{"id":80607,"date":"2019-06-25T20:53:45","date_gmt":"2019-06-25T23:53:45","guid":{"rendered":"https:\/\/www.sudoestehoje.com.br\/novoportal\/?p=80607"},"modified":"2019-06-25T20:53:45","modified_gmt":"2019-06-25T23:53:45","slug":"por-3-a-2-segunda-turma-do-stf-decide-manter-lula-na-prisao","status":"publish","type":"post","link":"https:\/\/www.sudoestehoje.com.br\/novoportal\/2019\/06\/25\/por-3-a-2-segunda-turma-do-stf-decide-manter-lula-na-prisao\/","title":{"rendered":"POR 3 A 2, SEGUNDA TURMA DO STF DECIDE MANTER LULA NA PRIS\u00c3O"},"content":{"rendered":"<p><a href=\"https:\/\/www.sudoestehoje.com.br\/novoportal\/wp-content\/uploads\/2019\/06\/LULA-HC.jpg\"><img loading=\"lazy\" decoding=\"async\" class=\"aligncenter size-medium wp-image-80609\" src=\"https:\/\/www.sudoestehoje.com.br\/novoportal\/wp-content\/uploads\/2019\/06\/LULA-HC-500x319.jpg\" alt=\"\" width=\"500\" height=\"319\" srcset=\"https:\/\/www.sudoestehoje.com.br\/novoportal\/wp-content\/uploads\/2019\/06\/LULA-HC-500x319.jpg 500w, https:\/\/www.sudoestehoje.com.br\/novoportal\/wp-content\/uploads\/2019\/06\/LULA-HC.jpg 627w\" sizes=\"auto, (max-width: 500px) 100vw, 500px\" \/><\/a><\/p>\n<p>Preso desde o ano passado na Superintend\u00eancia da Pol\u00edcia Federal, em Curitiba, o ex-presidente Lula n\u00e3o conseguiu habeas corpus nesta ter\u00e7a-feira (25).<\/p>\n<p>Os ministros da Segunda Turma do Supremo Tribunal Federal (STF) decidiram por n\u00e3o soltar o petista na proposta que solicitava sua soltura at\u00e9 que o STF decidisse de forma definitiva sobre a alega\u00e7\u00e3o da defesa de suposta parcialidade de Sergio Moro.<\/p>\n<p>Gilmar Mendes votou pela soltura do petista e foi acompanhado por Ricardo Lewandowski. Edson Fachin, no entanto, ficou contra a proposta, e foi seguido por Carmen L\u00facia e Celso de Mello.<\/p>\n","protected":false},"excerpt":{"rendered":"<p>Preso desde o ano passado na Superintend\u00eancia da Pol\u00edcia Federal, em Curitiba, o ex-presidente Lula n\u00e3o conseguiu habeas corpus nesta ter\u00e7a-feira (25). Os ministros da Segunda Turma do Supremo Tribunal Federal (STF) decidiram por n\u00e3o soltar o petista na proposta que solicitava sua soltura at\u00e9 que o STF decidisse de forma definitiva sobre a alega\u00e7\u00e3o [&hellip;]<\/p>\n","protected":false},"author":2,"featured_media":80609,"comment_status":"open","ping_status":"open","sticky":false,"template":"","format":"standard","meta":{"footnotes":"","_links_to":"","_links_to_target":""},"categories":[1],"tags":[],"class_list":["post-80607","post","type-post","status-publish","format-standard","has-post-thumbnail","hentry","category-geral"],"views":806,"_links":{"self":[{"href":"https:\/\/www.sudoestehoje.com.br\/novoportal\/wp-json\/wp\/v2\/posts\/80607","targetHints":{"allow":["GET"]}}],"collection":[{"href":"https:\/\/www.sudoestehoje.com.br\/novoportal\/wp-json\/wp\/v2\/posts"}],"about":[{"href":"https:\/\/www.sudoestehoje.com.br\/novoportal\/wp-json\/wp\/v2\/types\/post"}],"author":[{"embeddable":true,"href":"https:\/\/www.sudoestehoje.com.br\/novoportal\/wp-json\/wp\/v2\/users\/2"}],"replies":[{"embeddable":true,"href":"https:\/\/www.sudoestehoje.com.br\/novoportal\/wp-json\/wp\/v2\/comments?post=80607"}],"version-history":[{"count":2,"href":"https:\/\/www.sudoestehoje.com.br\/novoportal\/wp-json\/wp\/v2\/posts\/80607\/revisions"}],"predecessor-version":[{"id":80610,"href":"https:\/\/www.sudoestehoje.com.br\/novoportal\/wp-json\/wp\/v2\/posts\/80607\/revisions\/80610"}],"wp:featuredmedia":[{"embeddable":true,"href":"https:\/\/www.sudoestehoje.com.br\/novoportal\/wp-json\/wp\/v2\/media\/80609"}],"wp:attachment":[{"href":"https:\/\/www.sudoestehoje.com.br\/novoportal\/wp-json\/wp\/v2\/media?parent=80607"}],"wp:term":[{"taxonomy":"category","embeddable":true,"href":"https:\/\/www.sudoestehoje.com.br\/novoportal\/wp-json\/wp\/v2\/categories?post=80607"},{"taxonomy":"post_tag","embeddable":true,"href":"https:\/\/www.sudoestehoje.com.br\/novoportal\/wp-json\/wp\/v2\/tags?post=80607"}],"curies":[{"name":"wp","href":"https:\/\/api.w.org\/{rel}","templated":true}]}}