
{"id":80527,"date":"2019-06-24T12:45:19","date_gmt":"2019-06-24T15:45:19","guid":{"rendered":"https:\/\/www.sudoestehoje.com.br\/novoportal\/?p=80527"},"modified":"2019-06-24T12:56:54","modified_gmt":"2019-06-24T15:56:54","slug":"onibus-que-levava-cantor-sinho-ferrary-sofre-acidente-entre-ibicarai-e-itape","status":"publish","type":"post","link":"https:\/\/www.sudoestehoje.com.br\/novoportal\/2019\/06\/24\/onibus-que-levava-cantor-sinho-ferrary-sofre-acidente-entre-ibicarai-e-itape\/","title":{"rendered":"\u00d4NIBUS QUE LEVAVA CANTOR SINHO FERRARY COLIDE COM VACA ENTRE IBICARA\u00cd E ITAP\u00c9"},"content":{"rendered":"<div class=\"mc-column content-text active-extra-styles \" data-block-type=\"unstyled\" data-block-weight=\"46\" data-block-id=\"2\">\n<p data-track-category=\"Link no Texto\" data-track-links=\"\"><a href=\"https:\/\/www.sudoestehoje.com.br\/novoportal\/wp-content\/uploads\/2019\/06\/cantor-1.jpeg\"><img loading=\"lazy\" decoding=\"async\" class=\"aligncenter size-medium wp-image-80529\" src=\"https:\/\/www.sudoestehoje.com.br\/novoportal\/wp-content\/uploads\/2019\/06\/cantor-1-500x397.jpeg\" alt=\"\" width=\"500\" height=\"397\" srcset=\"https:\/\/www.sudoestehoje.com.br\/novoportal\/wp-content\/uploads\/2019\/06\/cantor-1-500x397.jpeg 500w, https:\/\/www.sudoestehoje.com.br\/novoportal\/wp-content\/uploads\/2019\/06\/cantor-1.jpeg 640w\" sizes=\"auto, (max-width: 500px) 100vw, 500px\" \/><\/a><\/p>\n<p class=\"content-text__container \" data-track-category=\"Link no Texto\" data-track-links=\"\">Um \u00f4nibus que estava transportando o cantor Sinho Ferrary se envolveu em um acidente em um trecho da BA-262, entre os munic\u00edpios de Ibicara\u00ed e Itap\u00e9, na regi\u00e3o sul do estado. O ve\u00edculo ficou com a frente danificada ap\u00f3s colidir com uma vaca. N\u00e3o houve feridos.<\/p>\n<\/div>\n<div class=\"wall protected-content\">\n<div class=\"mc-column content-text active-extra-styles \" data-block-type=\"unstyled\" data-block-weight=\"43\" data-block-id=\"3\">\n<p class=\"content-text__container \" data-track-category=\"Link no Texto\" data-track-links=\"\">Segundo a produ\u00e7\u00e3o da banda, o acidente ocorreu na noite de s\u00e1bado (22), por volta das 23h. O cantor e a banda tinham acabado de se apresentar no munic\u00edpio de Itoror\u00f3 e estavam indo para outro show em Camac\u00e3 quando o caso aconteceu.<\/p>\n<p data-track-category=\"Link no Texto\" data-track-links=\"\"><a href=\"https:\/\/www.sudoestehoje.com.br\/novoportal\/wp-content\/uploads\/2019\/06\/cantor-2.jpeg\"><img loading=\"lazy\" decoding=\"async\" class=\"aligncenter size-medium wp-image-80530\" src=\"https:\/\/www.sudoestehoje.com.br\/novoportal\/wp-content\/uploads\/2019\/06\/cantor-2-500x386.jpeg\" alt=\"\" width=\"500\" height=\"386\" srcset=\"https:\/\/www.sudoestehoje.com.br\/novoportal\/wp-content\/uploads\/2019\/06\/cantor-2-500x386.jpeg 500w, https:\/\/www.sudoestehoje.com.br\/novoportal\/wp-content\/uploads\/2019\/06\/cantor-2.jpeg 640w\" sizes=\"auto, (max-width: 500px) 100vw, 500px\" \/><\/a><\/p>\n<\/div>\n<div class=\"mc-column content-text active-extra-styles \" data-block-type=\"unstyled\" data-block-weight=\"31\" data-block-id=\"4\">\n<p class=\"content-text__container \" data-track-category=\"Link no Texto\" data-track-links=\"\">Uma vaca atravessou na frente do \u00f4nibus e o motorista n\u00e3o conseguiu frear a tempo. Com o impacto, a parte dianteira do ve\u00edculo ficou danificada \u2014 o vidro da frente quebrou.<\/p>\n<\/div>\n<div class=\"mc-column content-text active-extra-styles \" data-block-type=\"unstyled\" data-block-weight=\"26\" data-block-id=\"5\">\n<p class=\"content-text__container \" data-track-category=\"Link no Texto\" data-track-links=\"\">Ap\u00f3s o susto, Sinho Ferrary e os integrantes da banda continuaram a viagem e, segundo a produ\u00e7\u00e3o, conseguiram chegar a tempo para o show em Camac\u00e3.<\/p>\n<\/div>\n<\/div>\n","protected":false},"excerpt":{"rendered":"<p>Um \u00f4nibus que estava transportando o cantor Sinho Ferrary se envolveu em um acidente em um trecho da BA-262, entre os munic\u00edpios de Ibicara\u00ed e Itap\u00e9, na regi\u00e3o sul do estado. O ve\u00edculo ficou com a frente danificada ap\u00f3s colidir com uma vaca. N\u00e3o houve feridos. Segundo a produ\u00e7\u00e3o da banda, o acidente ocorreu na [&hellip;]<\/p>\n","protected":false},"author":2,"featured_media":80529,"comment_status":"open","ping_status":"open","sticky":false,"template":"","format":"standard","meta":{"footnotes":"","_links_to":"","_links_to_target":""},"categories":[1],"tags":[],"class_list":["post-80527","post","type-post","status-publish","format-standard","has-post-thumbnail","hentry","category-geral"],"views":848,"_links":{"self":[{"href":"https:\/\/www.sudoestehoje.com.br\/novoportal\/wp-json\/wp\/v2\/posts\/80527","targetHints":{"allow":["GET"]}}],"collection":[{"href":"https:\/\/www.sudoestehoje.com.br\/novoportal\/wp-json\/wp\/v2\/posts"}],"about":[{"href":"https:\/\/www.sudoestehoje.com.br\/novoportal\/wp-json\/wp\/v2\/types\/post"}],"author":[{"embeddable":true,"href":"https:\/\/www.sudoestehoje.com.br\/novoportal\/wp-json\/wp\/v2\/users\/2"}],"replies":[{"embeddable":true,"href":"https:\/\/www.sudoestehoje.com.br\/novoportal\/wp-json\/wp\/v2\/comments?post=80527"}],"version-history":[{"count":4,"href":"https:\/\/www.sudoestehoje.com.br\/novoportal\/wp-json\/wp\/v2\/posts\/80527\/revisions"}],"predecessor-version":[{"id":80536,"href":"https:\/\/www.sudoestehoje.com.br\/novoportal\/wp-json\/wp\/v2\/posts\/80527\/revisions\/80536"}],"wp:featuredmedia":[{"embeddable":true,"href":"https:\/\/www.sudoestehoje.com.br\/novoportal\/wp-json\/wp\/v2\/media\/80529"}],"wp:attachment":[{"href":"https:\/\/www.sudoestehoje.com.br\/novoportal\/wp-json\/wp\/v2\/media?parent=80527"}],"wp:term":[{"taxonomy":"category","embeddable":true,"href":"https:\/\/www.sudoestehoje.com.br\/novoportal\/wp-json\/wp\/v2\/categories?post=80527"},{"taxonomy":"post_tag","embeddable":true,"href":"https:\/\/www.sudoestehoje.com.br\/novoportal\/wp-json\/wp\/v2\/tags?post=80527"}],"curies":[{"name":"wp","href":"https:\/\/api.w.org\/{rel}","templated":true}]}}