
{"id":8052,"date":"2011-08-31T00:39:59","date_gmt":"2011-08-31T03:39:59","guid":{"rendered":"http:\/\/www.sudoestehoje.com.br\/novoportal\/?p=8052"},"modified":"2011-08-31T00:42:03","modified_gmt":"2011-08-31T03:42:03","slug":"dr-arnaldo-faz-reuniao-com-moradores-do-primavera","status":"publish","type":"post","link":"https:\/\/www.sudoestehoje.com.br\/novoportal\/2011\/08\/31\/dr-arnaldo-faz-reuniao-com-moradores-do-primavera\/","title":{"rendered":"DR. ARNALDO FAZ REUNI\u00c3O COM MORADORES DO PRIMAVERA"},"content":{"rendered":"<p style=\"text-align: center;\"><a href=\"http:\/\/www.sudoestehoje.com.br\/novoportal\/wp-content\/uploads\/2011\/08\/P1000787.jpg\"><img loading=\"lazy\" decoding=\"async\" class=\"aligncenter size-medium wp-image-8053\" title=\"P1000787\" src=\"http:\/\/www.sudoestehoje.com.br\/novoportal\/wp-content\/uploads\/2011\/08\/P1000787-500x333.jpg\" alt=\"\" width=\"500\" height=\"333\" srcset=\"https:\/\/www.sudoestehoje.com.br\/novoportal\/wp-content\/uploads\/2011\/08\/P1000787-500x333.jpg 500w, https:\/\/www.sudoestehoje.com.br\/novoportal\/wp-content\/uploads\/2011\/08\/P1000787.jpg 600w\" sizes=\"auto, (max-width: 500px) 100vw, 500px\" \/><\/a><em><strong>Dr. Arnaldo \u00e9 pr\u00e9-candidato pelo PR<\/strong><\/em><\/p>\n<p>ITAPETINGA: O pr\u00e9-candidato a prefeito pelo PR, Dr. Arnaldo Teixeira, que vinha realizando reuni\u00f5es pol\u00edticas em sua resid\u00eancia, agora resolveu entrar em campo, reunindo-se em casas de amigos e correligion\u00e1rios, para reativar a sua base de apoio.<\/p>\n<p><a href=\"http:\/\/www.sudoestehoje.com.br\/novoportal\/wp-content\/uploads\/2011\/08\/P1000775.jpg\"><img loading=\"lazy\" decoding=\"async\" class=\"aligncenter size-medium wp-image-8054\" title=\"P1000775\" src=\"http:\/\/www.sudoestehoje.com.br\/novoportal\/wp-content\/uploads\/2011\/08\/P1000775-500x333.jpg\" alt=\"\" width=\"500\" height=\"333\" srcset=\"https:\/\/www.sudoestehoje.com.br\/novoportal\/wp-content\/uploads\/2011\/08\/P1000775-500x333.jpg 500w, https:\/\/www.sudoestehoje.com.br\/novoportal\/wp-content\/uploads\/2011\/08\/P1000775.jpg 600w\" sizes=\"auto, (max-width: 500px) 100vw, 500px\" \/><\/a><\/p>\n<p style=\"text-align: center;\"><em><strong>Reuni\u00e3o contou com a presen\u00e7a de moradores do Primavera<\/strong><\/em><\/p>\n<p>Na noite desta ter\u00e7a-feira (30), Arnaldo reuniu-se com diversos correligion\u00e1rios e moradores da rua Nazar\u00e9, no bairro Primavera, na resid\u00eancia do conhecido Raimundo Nonato, onde compareceu um n\u00famero expressivo de pessoas que simpatizam ou apoiam a sua pr\u00e9-candidatura.\u00a0Esta foi a\u00a0primeira reuni\u00e3o politica de Dr. Arnaldo, fora de sua resid\u00eancia.<\/p>\n<p>Na reuni\u00e3o Dr. Arnaldo Teixeira ouviu com aten\u00e7\u00e3o os anseios e demandas dos moradores do bairro Primavera, expondo, tamb\u00e9m, os planos pol\u00edticos e administrativos do PR para Itapetinga.<\/p>\n<p><em><strong>Ascom\u00a0Dr. Arnaldo Teixeira<\/strong><\/em><\/p>\n","protected":false},"excerpt":{"rendered":"<p>Dr. Arnaldo \u00e9 pr\u00e9-candidato pelo PR ITAPETINGA: O pr\u00e9-candidato a prefeito pelo PR, Dr. Arnaldo Teixeira, que vinha realizando reuni\u00f5es pol\u00edticas em sua resid\u00eancia, agora resolveu entrar em campo, reunindo-se em casas de amigos e correligion\u00e1rios, para reativar a sua base de apoio. Reuni\u00e3o contou com a presen\u00e7a de moradores do Primavera Na noite desta [&hellip;]<\/p>\n","protected":false},"author":2,"featured_media":0,"comment_status":"open","ping_status":"open","sticky":false,"template":"","format":"standard","meta":{"footnotes":"","_links_to":"","_links_to_target":""},"categories":[1],"tags":[],"class_list":["post-8052","post","type-post","status-publish","format-standard","hentry","category-geral"],"views":1562,"_links":{"self":[{"href":"https:\/\/www.sudoestehoje.com.br\/novoportal\/wp-json\/wp\/v2\/posts\/8052","targetHints":{"allow":["GET"]}}],"collection":[{"href":"https:\/\/www.sudoestehoje.com.br\/novoportal\/wp-json\/wp\/v2\/posts"}],"about":[{"href":"https:\/\/www.sudoestehoje.com.br\/novoportal\/wp-json\/wp\/v2\/types\/post"}],"author":[{"embeddable":true,"href":"https:\/\/www.sudoestehoje.com.br\/novoportal\/wp-json\/wp\/v2\/users\/2"}],"replies":[{"embeddable":true,"href":"https:\/\/www.sudoestehoje.com.br\/novoportal\/wp-json\/wp\/v2\/comments?post=8052"}],"version-history":[{"count":4,"href":"https:\/\/www.sudoestehoje.com.br\/novoportal\/wp-json\/wp\/v2\/posts\/8052\/revisions"}],"predecessor-version":[{"id":8057,"href":"https:\/\/www.sudoestehoje.com.br\/novoportal\/wp-json\/wp\/v2\/posts\/8052\/revisions\/8057"}],"wp:attachment":[{"href":"https:\/\/www.sudoestehoje.com.br\/novoportal\/wp-json\/wp\/v2\/media?parent=8052"}],"wp:term":[{"taxonomy":"category","embeddable":true,"href":"https:\/\/www.sudoestehoje.com.br\/novoportal\/wp-json\/wp\/v2\/categories?post=8052"},{"taxonomy":"post_tag","embeddable":true,"href":"https:\/\/www.sudoestehoje.com.br\/novoportal\/wp-json\/wp\/v2\/tags?post=8052"}],"curies":[{"name":"wp","href":"https:\/\/api.w.org\/{rel}","templated":true}]}}