
{"id":80518,"date":"2019-06-23T14:43:21","date_gmt":"2019-06-23T17:43:21","guid":{"rendered":"https:\/\/www.sudoestehoje.com.br\/novoportal\/?p=80518"},"modified":"2019-06-23T14:47:00","modified_gmt":"2019-06-23T17:47:00","slug":"video-banda-calcinha-preta-e-vaiada-por-atraso-em-sao-joao-de-dom-basilio","status":"publish","type":"post","link":"https:\/\/www.sudoestehoje.com.br\/novoportal\/2019\/06\/23\/video-banda-calcinha-preta-e-vaiada-por-atraso-em-sao-joao-de-dom-basilio\/","title":{"rendered":"V\u00cdDEO: BANDA CALCINHA PRETA \u00c9 VAIADA POR ATRASO EM S\u00c3O JO\u00c3O DE DOM BAS\u00cdLIO"},"content":{"rendered":"<p><a href=\"https:\/\/www.sudoestehoje.com.br\/novoportal\/wp-content\/uploads\/2019\/06\/CALCINHA.jpg\"><img loading=\"lazy\" decoding=\"async\" class=\"aligncenter size-medium wp-image-80520\" src=\"https:\/\/www.sudoestehoje.com.br\/novoportal\/wp-content\/uploads\/2019\/06\/CALCINHA-500x333.jpg\" alt=\"\" width=\"500\" height=\"333\" srcset=\"https:\/\/www.sudoestehoje.com.br\/novoportal\/wp-content\/uploads\/2019\/06\/CALCINHA-500x333.jpg 500w, https:\/\/www.sudoestehoje.com.br\/novoportal\/wp-content\/uploads\/2019\/06\/CALCINHA-700x467.jpg 700w, https:\/\/www.sudoestehoje.com.br\/novoportal\/wp-content\/uploads\/2019\/06\/CALCINHA.jpg 750w\" sizes=\"auto, (max-width: 500px) 100vw, 500px\" \/><\/a><\/p>\n<p>A banda de forr\u00f3 Calcinha Preta foi vaiada na madrugada deste domingo (23), durante apresenta\u00e7\u00e3o do S\u00e3o Jo\u00e3o de Dom Bas\u00edlio, na regi\u00e3o Sudoeste.<\/p>\n<p>Segundo apurou o site Achei Sudoeste, o p\u00fablico ficou indignado com o atraso do in\u00edcio do show da Calcinha Preta, que teve in\u00edcio depois 5h da manh\u00e3, quando o p\u00fablico j\u00e1 n\u00e3o suportava mais aguardar pela principal atra\u00e7\u00e3o da festa.<\/p>\n<p>Na mesma noite, a banda havia se apresentado no munic\u00edpio Cacul\u00e9, distante 154 km de Dom Bas\u00edlio, o que pode ter causado o atraso.<em>\u00a0\u201cUm verdadeiro absurdo. Se fosse particular ir\u00edamos vaiar do mesmo jeito, mas a quest\u00e3o \u00e9 que \u00e9 dinheiro p\u00fablico de nosso munic\u00edpio sendo aplicado em um evento, que mostra a falta de respeito com nossa popula\u00e7\u00e3o\u201d<\/em>, disse um morador da cidade. <strong><em>Confira o v\u00eddeo:<\/em><\/strong><\/p>\n<p>https:\/\/www.facebook.com\/acheisudoesteoficial\/videos\/468341147289545\/<\/p>\n","protected":false},"excerpt":{"rendered":"<p>A banda de forr\u00f3 Calcinha Preta foi vaiada na madrugada deste domingo (23), durante apresenta\u00e7\u00e3o do S\u00e3o Jo\u00e3o de Dom Bas\u00edlio, na regi\u00e3o Sudoeste. Segundo apurou o site Achei Sudoeste, o p\u00fablico ficou indignado com o atraso do in\u00edcio do show da Calcinha Preta, que teve in\u00edcio depois 5h da manh\u00e3, quando o p\u00fablico j\u00e1 [&hellip;]<\/p>\n","protected":false},"author":2,"featured_media":80520,"comment_status":"open","ping_status":"open","sticky":false,"template":"","format":"standard","meta":{"footnotes":"","_links_to":"","_links_to_target":""},"categories":[1],"tags":[],"class_list":["post-80518","post","type-post","status-publish","format-standard","has-post-thumbnail","hentry","category-geral"],"views":1226,"_links":{"self":[{"href":"https:\/\/www.sudoestehoje.com.br\/novoportal\/wp-json\/wp\/v2\/posts\/80518","targetHints":{"allow":["GET"]}}],"collection":[{"href":"https:\/\/www.sudoestehoje.com.br\/novoportal\/wp-json\/wp\/v2\/posts"}],"about":[{"href":"https:\/\/www.sudoestehoje.com.br\/novoportal\/wp-json\/wp\/v2\/types\/post"}],"author":[{"embeddable":true,"href":"https:\/\/www.sudoestehoje.com.br\/novoportal\/wp-json\/wp\/v2\/users\/2"}],"replies":[{"embeddable":true,"href":"https:\/\/www.sudoestehoje.com.br\/novoportal\/wp-json\/wp\/v2\/comments?post=80518"}],"version-history":[{"count":3,"href":"https:\/\/www.sudoestehoje.com.br\/novoportal\/wp-json\/wp\/v2\/posts\/80518\/revisions"}],"predecessor-version":[{"id":80522,"href":"https:\/\/www.sudoestehoje.com.br\/novoportal\/wp-json\/wp\/v2\/posts\/80518\/revisions\/80522"}],"wp:featuredmedia":[{"embeddable":true,"href":"https:\/\/www.sudoestehoje.com.br\/novoportal\/wp-json\/wp\/v2\/media\/80520"}],"wp:attachment":[{"href":"https:\/\/www.sudoestehoje.com.br\/novoportal\/wp-json\/wp\/v2\/media?parent=80518"}],"wp:term":[{"taxonomy":"category","embeddable":true,"href":"https:\/\/www.sudoestehoje.com.br\/novoportal\/wp-json\/wp\/v2\/categories?post=80518"},{"taxonomy":"post_tag","embeddable":true,"href":"https:\/\/www.sudoestehoje.com.br\/novoportal\/wp-json\/wp\/v2\/tags?post=80518"}],"curies":[{"name":"wp","href":"https:\/\/api.w.org\/{rel}","templated":true}]}}