
{"id":80465,"date":"2019-06-21T19:48:48","date_gmt":"2019-06-21T22:48:48","guid":{"rendered":"https:\/\/www.sudoestehoje.com.br\/novoportal\/?p=80465"},"modified":"2019-06-21T19:54:48","modified_gmt":"2019-06-21T22:54:48","slug":"comeca-hoje-o-sao-joao-de-itapetinga","status":"publish","type":"post","link":"https:\/\/www.sudoestehoje.com.br\/novoportal\/2019\/06\/21\/comeca-hoje-o-sao-joao-de-itapetinga\/","title":{"rendered":"COME\u00c7A HOJE O S\u00c3O JO\u00c3O DE ITAPETINGA"},"content":{"rendered":"<p><a href=\"https:\/\/www.sudoestehoje.com.br\/novoportal\/wp-content\/uploads\/2019\/06\/circuito-sj.jpg\"><img loading=\"lazy\" decoding=\"async\" class=\"aligncenter size-medium wp-image-80468\" src=\"https:\/\/www.sudoestehoje.com.br\/novoportal\/wp-content\/uploads\/2019\/06\/circuito-sj-500x375.jpg\" alt=\"\" width=\"500\" height=\"375\" srcset=\"https:\/\/www.sudoestehoje.com.br\/novoportal\/wp-content\/uploads\/2019\/06\/circuito-sj-500x375.jpg 500w, https:\/\/www.sudoestehoje.com.br\/novoportal\/wp-content\/uploads\/2019\/06\/circuito-sj-768x576.jpg 768w, https:\/\/www.sudoestehoje.com.br\/novoportal\/wp-content\/uploads\/2019\/06\/circuito-sj-700x525.jpg 700w, https:\/\/www.sudoestehoje.com.br\/novoportal\/wp-content\/uploads\/2019\/06\/circuito-sj.jpg 960w\" sizes=\"auto, (max-width: 500px) 100vw, 500px\" \/><\/a><\/p>\n<p>A tradicional festa de S\u00e3o Jo\u00e3o de Itapetinga come\u00e7a nesta sexta-feira (21), no melhor arrai\u00e1 da Bahia, montado no lind\u00edssimo Parque Poliesportivo da Lagoa.<\/p>\n<p>Quem abre a festa \u00e9 o consagrado sanfoneiro Targino Gondim, atra\u00e7\u00e3o de n\u00edvel nacional, requisitada em quase todas as festas juninas da Bahia e do Nordeste.<\/p>\n<p>Al\u00e9m das atra\u00e7\u00f5es de palco, a festa conta tamb\u00e9m com barracas bem montadas, recheadas de comidas t\u00edpicas e bebidas, em todo o circuito da festa.<\/p>\n<p><a href=\"https:\/\/www.sudoestehoje.com.br\/novoportal\/wp-content\/uploads\/2019\/06\/21-sexta.jpg\"><img loading=\"lazy\" decoding=\"async\" class=\"aligncenter size-medium wp-image-80466\" src=\"https:\/\/www.sudoestehoje.com.br\/novoportal\/wp-content\/uploads\/2019\/06\/21-sexta-500x500.jpg\" alt=\"\" width=\"500\" height=\"500\" srcset=\"https:\/\/www.sudoestehoje.com.br\/novoportal\/wp-content\/uploads\/2019\/06\/21-sexta-500x500.jpg 500w, https:\/\/www.sudoestehoje.com.br\/novoportal\/wp-content\/uploads\/2019\/06\/21-sexta-150x150.jpg 150w, https:\/\/www.sudoestehoje.com.br\/novoportal\/wp-content\/uploads\/2019\/06\/21-sexta-768x768.jpg 768w, https:\/\/www.sudoestehoje.com.br\/novoportal\/wp-content\/uploads\/2019\/06\/21-sexta-700x700.jpg 700w, https:\/\/www.sudoestehoje.com.br\/novoportal\/wp-content\/uploads\/2019\/06\/21-sexta.jpg 960w\" sizes=\"auto, (max-width: 500px) 100vw, 500px\" \/><\/a><\/p>\n<p>Mesmo sendo uma festa p\u00fablica, a seguran\u00e7a \u00e9 total, pois todo o circuito \u00e9 fechado e vigiado por seguran\u00e7as treinados, Pol\u00edcia Militar e Guarda Municipal.<\/p>\n<p>Vale a pena conferir.<\/p>\n<p><strong><em>Por Davi Ferraz\u00a0<\/em><\/strong><\/p>\n","protected":false},"excerpt":{"rendered":"<p>A tradicional festa de S\u00e3o Jo\u00e3o de Itapetinga come\u00e7a nesta sexta-feira (21), no melhor arrai\u00e1 da Bahia, montado no lind\u00edssimo Parque Poliesportivo da Lagoa. Quem abre a festa \u00e9 o consagrado sanfoneiro Targino Gondim, atra\u00e7\u00e3o de n\u00edvel nacional, requisitada em quase todas as festas juninas da Bahia e do Nordeste. Al\u00e9m das atra\u00e7\u00f5es de palco, [&hellip;]<\/p>\n","protected":false},"author":2,"featured_media":80468,"comment_status":"open","ping_status":"open","sticky":false,"template":"","format":"standard","meta":{"footnotes":"","_links_to":"","_links_to_target":""},"categories":[1],"tags":[],"class_list":["post-80465","post","type-post","status-publish","format-standard","has-post-thumbnail","hentry","category-geral"],"views":1152,"_links":{"self":[{"href":"https:\/\/www.sudoestehoje.com.br\/novoportal\/wp-json\/wp\/v2\/posts\/80465","targetHints":{"allow":["GET"]}}],"collection":[{"href":"https:\/\/www.sudoestehoje.com.br\/novoportal\/wp-json\/wp\/v2\/posts"}],"about":[{"href":"https:\/\/www.sudoestehoje.com.br\/novoportal\/wp-json\/wp\/v2\/types\/post"}],"author":[{"embeddable":true,"href":"https:\/\/www.sudoestehoje.com.br\/novoportal\/wp-json\/wp\/v2\/users\/2"}],"replies":[{"embeddable":true,"href":"https:\/\/www.sudoestehoje.com.br\/novoportal\/wp-json\/wp\/v2\/comments?post=80465"}],"version-history":[{"count":2,"href":"https:\/\/www.sudoestehoje.com.br\/novoportal\/wp-json\/wp\/v2\/posts\/80465\/revisions"}],"predecessor-version":[{"id":80469,"href":"https:\/\/www.sudoestehoje.com.br\/novoportal\/wp-json\/wp\/v2\/posts\/80465\/revisions\/80469"}],"wp:featuredmedia":[{"embeddable":true,"href":"https:\/\/www.sudoestehoje.com.br\/novoportal\/wp-json\/wp\/v2\/media\/80468"}],"wp:attachment":[{"href":"https:\/\/www.sudoestehoje.com.br\/novoportal\/wp-json\/wp\/v2\/media?parent=80465"}],"wp:term":[{"taxonomy":"category","embeddable":true,"href":"https:\/\/www.sudoestehoje.com.br\/novoportal\/wp-json\/wp\/v2\/categories?post=80465"},{"taxonomy":"post_tag","embeddable":true,"href":"https:\/\/www.sudoestehoje.com.br\/novoportal\/wp-json\/wp\/v2\/tags?post=80465"}],"curies":[{"name":"wp","href":"https:\/\/api.w.org\/{rel}","templated":true}]}}