
{"id":80461,"date":"2019-06-20T22:52:32","date_gmt":"2019-06-21T01:52:32","guid":{"rendered":"https:\/\/www.sudoestehoje.com.br\/novoportal\/?p=80461"},"modified":"2019-06-20T23:04:07","modified_gmt":"2019-06-21T02:04:07","slug":"sao-joao-de-caatiba-comeca-neste-sabado","status":"publish","type":"post","link":"https:\/\/www.sudoestehoje.com.br\/novoportal\/2019\/06\/20\/sao-joao-de-caatiba-comeca-neste-sabado\/","title":{"rendered":"S\u00c3O JO\u00c3O DE CAATIBA COME\u00c7A NESTE S\u00c1BADO"},"content":{"rendered":"<p><a href=\"https:\/\/www.sudoestehoje.com.br\/novoportal\/wp-content\/uploads\/2019\/06\/sj-caatiba-1.jpg\"><img loading=\"lazy\" decoding=\"async\" class=\"aligncenter size-medium wp-image-80462\" src=\"https:\/\/www.sudoestehoje.com.br\/novoportal\/wp-content\/uploads\/2019\/06\/sj-caatiba-1-500x650.jpg\" alt=\"\" width=\"500\" height=\"650\" srcset=\"https:\/\/www.sudoestehoje.com.br\/novoportal\/wp-content\/uploads\/2019\/06\/sj-caatiba-1-500x650.jpg 500w, https:\/\/www.sudoestehoje.com.br\/novoportal\/wp-content\/uploads\/2019\/06\/sj-caatiba-1-692x900.jpg 692w, https:\/\/www.sudoestehoje.com.br\/novoportal\/wp-content\/uploads\/2019\/06\/sj-caatiba-1.jpg 738w\" sizes=\"auto, (max-width: 500px) 100vw, 500px\" \/><\/a><\/p>\n<p>Come\u00e7a neste s\u00e1bado (22) o tradicional &#8216;Arrai\u00e1 de Caatiba&#8217;, festa realizada anualmente pela prefeitura municipal, com a participa\u00e7\u00e3o da popula\u00e7\u00e3o local e visitantes de toda a regi\u00e3o.<\/p>\n<p>Neste ano, a festa de S\u00e3o Jo\u00e3o do munic\u00edpio ocorrer\u00e1 apenas em dois dias 22 e 23 de junho), devido \u00e0 forte crise que se abate sobre o munic\u00edpio, que vem sofrendo uma dr\u00e1stica redu\u00e7\u00e3o nos repasses de verbas federais e estaduais.<\/p>\n<p>Apesar disto, a prefeita T\u00e2nia Ribeiro decidiu manter a tradi\u00e7\u00e3o, realizando uma festa mais modesta, sem atra\u00e7\u00f5es de peso, que custam muito caro para a atual situa\u00e7\u00e3o do munic\u00edpio.<\/p>\n<p>Mesmo assim, a prefeita garante que n\u00e3o vai faltar anima\u00e7\u00e3o nos festejos juninos da cidade.<\/p>\n<p><strong><em>Por Davi Ferraz<\/em><\/strong><\/p>\n","protected":false},"excerpt":{"rendered":"<p>Come\u00e7a neste s\u00e1bado (22) o tradicional &#8216;Arrai\u00e1 de Caatiba&#8217;, festa realizada anualmente pela prefeitura municipal, com a participa\u00e7\u00e3o da popula\u00e7\u00e3o local e visitantes de toda a regi\u00e3o. Neste ano, a festa de S\u00e3o Jo\u00e3o do munic\u00edpio ocorrer\u00e1 apenas em dois dias 22 e 23 de junho), devido \u00e0 forte crise que se abate sobre o [&hellip;]<\/p>\n","protected":false},"author":2,"featured_media":80462,"comment_status":"open","ping_status":"open","sticky":false,"template":"","format":"standard","meta":{"footnotes":"","_links_to":"","_links_to_target":""},"categories":[1],"tags":[],"class_list":["post-80461","post","type-post","status-publish","format-standard","has-post-thumbnail","hentry","category-geral"],"views":1075,"_links":{"self":[{"href":"https:\/\/www.sudoestehoje.com.br\/novoportal\/wp-json\/wp\/v2\/posts\/80461","targetHints":{"allow":["GET"]}}],"collection":[{"href":"https:\/\/www.sudoestehoje.com.br\/novoportal\/wp-json\/wp\/v2\/posts"}],"about":[{"href":"https:\/\/www.sudoestehoje.com.br\/novoportal\/wp-json\/wp\/v2\/types\/post"}],"author":[{"embeddable":true,"href":"https:\/\/www.sudoestehoje.com.br\/novoportal\/wp-json\/wp\/v2\/users\/2"}],"replies":[{"embeddable":true,"href":"https:\/\/www.sudoestehoje.com.br\/novoportal\/wp-json\/wp\/v2\/comments?post=80461"}],"version-history":[{"count":2,"href":"https:\/\/www.sudoestehoje.com.br\/novoportal\/wp-json\/wp\/v2\/posts\/80461\/revisions"}],"predecessor-version":[{"id":80464,"href":"https:\/\/www.sudoestehoje.com.br\/novoportal\/wp-json\/wp\/v2\/posts\/80461\/revisions\/80464"}],"wp:featuredmedia":[{"embeddable":true,"href":"https:\/\/www.sudoestehoje.com.br\/novoportal\/wp-json\/wp\/v2\/media\/80462"}],"wp:attachment":[{"href":"https:\/\/www.sudoestehoje.com.br\/novoportal\/wp-json\/wp\/v2\/media?parent=80461"}],"wp:term":[{"taxonomy":"category","embeddable":true,"href":"https:\/\/www.sudoestehoje.com.br\/novoportal\/wp-json\/wp\/v2\/categories?post=80461"},{"taxonomy":"post_tag","embeddable":true,"href":"https:\/\/www.sudoestehoje.com.br\/novoportal\/wp-json\/wp\/v2\/tags?post=80461"}],"curies":[{"name":"wp","href":"https:\/\/api.w.org\/{rel}","templated":true}]}}