
{"id":80451,"date":"2019-06-20T19:02:16","date_gmt":"2019-06-20T22:02:16","guid":{"rendered":"https:\/\/www.sudoestehoje.com.br\/novoportal\/?p=80451"},"modified":"2019-06-20T19:04:31","modified_gmt":"2019-06-20T22:04:31","slug":"itapetinga-oficial-de-justica-joao-ferraz-morre-em-acidente-na-ba-263","status":"publish","type":"post","link":"https:\/\/www.sudoestehoje.com.br\/novoportal\/2019\/06\/20\/itapetinga-oficial-de-justica-joao-ferraz-morre-em-acidente-na-ba-263\/","title":{"rendered":"ITAPETINGA: OFICIAL DE JUSTI\u00c7A JO\u00c3O FERRAZ MORRE EM ACIDENTE NA BA-263"},"content":{"rendered":"<p><a href=\"https:\/\/www.sudoestehoje.com.br\/novoportal\/wp-content\/uploads\/2019\/06\/jo\u00e3o-ferraz.jpg\"><img loading=\"lazy\" decoding=\"async\" class=\"aligncenter size-medium wp-image-80452\" src=\"https:\/\/www.sudoestehoje.com.br\/novoportal\/wp-content\/uploads\/2019\/06\/jo\u00e3o-ferraz-500x382.jpg\" alt=\"\" width=\"500\" height=\"382\" srcset=\"https:\/\/www.sudoestehoje.com.br\/novoportal\/wp-content\/uploads\/2019\/06\/jo\u00e3o-ferraz-500x382.jpg 500w, https:\/\/www.sudoestehoje.com.br\/novoportal\/wp-content\/uploads\/2019\/06\/jo\u00e3o-ferraz-768x587.jpg 768w, https:\/\/www.sudoestehoje.com.br\/novoportal\/wp-content\/uploads\/2019\/06\/jo\u00e3o-ferraz-700x535.jpg 700w, https:\/\/www.sudoestehoje.com.br\/novoportal\/wp-content\/uploads\/2019\/06\/jo\u00e3o-ferraz.jpg 816w\" sizes=\"auto, (max-width: 500px) 100vw, 500px\" \/><\/a><\/p>\n<p>Faleceu, no final da tarde desta quinta-feira (20), em decorr\u00eancia de um grave acidente, o conhecido Oficial de Justi\u00e7a da Comarca de Itapetinga, Jo\u00e3o Ferraz.<\/p>\n<p>O fato aconteceu na BA-263, na localidade conhecida como &#8216;Ponte de Z\u00e9 Dias&#8217;, pr\u00f3ximo \u00e0 zona Urbana de Itapetinga.<\/p>\n<p>Jo\u00e3o Ferraz era pessoa conhecida e muito querida em todo o M\u00e9dio Sudoeste da Bahia, onde atuava na sua fun\u00e7\u00e3o de serventu\u00e1rio da justi\u00e7a.<\/p>\n<p>As causas do acidente ainda n\u00e3o foram esclarecidas pela Pol\u00edcia Rodovi\u00e1ria Estadual e per\u00edcia, mas h\u00e1 informa\u00e7\u00e3o de que a v\u00edtima teria se sentido mal e perdido o controle do ve\u00edculo, batendo na mureta de prote\u00e7\u00e3o da ponte.<\/p>\n<p><a href=\"https:\/\/www.sudoestehoje.com.br\/novoportal\/wp-content\/uploads\/2019\/06\/jo\u00e3o-ferraz-1.jpg\"><img loading=\"lazy\" decoding=\"async\" class=\"aligncenter size-medium wp-image-80455\" src=\"https:\/\/www.sudoestehoje.com.br\/novoportal\/wp-content\/uploads\/2019\/06\/jo\u00e3o-ferraz-1-500x295.jpg\" alt=\"\" width=\"500\" height=\"295\" srcset=\"https:\/\/www.sudoestehoje.com.br\/novoportal\/wp-content\/uploads\/2019\/06\/jo\u00e3o-ferraz-1-500x295.jpg 500w, https:\/\/www.sudoestehoje.com.br\/novoportal\/wp-content\/uploads\/2019\/06\/jo\u00e3o-ferraz-1.jpg 658w\" sizes=\"auto, (max-width: 500px) 100vw, 500px\" \/><\/a><\/p>\n<p>O Sudoeste Hoje manifesta o seu imenso pesar pela perda irrepar\u00e1vel do parente e amigo Jo\u00e3o Ferraz, pessoa muito querida em nossa cidade.<\/p>\n<p><strong><em>Davi Ferraz &#8211; Editor<\/em><\/strong><\/p>\n","protected":false},"excerpt":{"rendered":"<p>Faleceu, no final da tarde desta quinta-feira (20), em decorr\u00eancia de um grave acidente, o conhecido Oficial de Justi\u00e7a da Comarca de Itapetinga, Jo\u00e3o Ferraz. O fato aconteceu na BA-263, na localidade conhecida como &#8216;Ponte de Z\u00e9 Dias&#8217;, pr\u00f3ximo \u00e0 zona Urbana de Itapetinga. Jo\u00e3o Ferraz era pessoa conhecida e muito querida em todo o [&hellip;]<\/p>\n","protected":false},"author":2,"featured_media":80452,"comment_status":"open","ping_status":"open","sticky":false,"template":"","format":"standard","meta":{"footnotes":"","_links_to":"","_links_to_target":""},"categories":[1],"tags":[],"class_list":["post-80451","post","type-post","status-publish","format-standard","has-post-thumbnail","hentry","category-geral"],"views":895,"_links":{"self":[{"href":"https:\/\/www.sudoestehoje.com.br\/novoportal\/wp-json\/wp\/v2\/posts\/80451","targetHints":{"allow":["GET"]}}],"collection":[{"href":"https:\/\/www.sudoestehoje.com.br\/novoportal\/wp-json\/wp\/v2\/posts"}],"about":[{"href":"https:\/\/www.sudoestehoje.com.br\/novoportal\/wp-json\/wp\/v2\/types\/post"}],"author":[{"embeddable":true,"href":"https:\/\/www.sudoestehoje.com.br\/novoportal\/wp-json\/wp\/v2\/users\/2"}],"replies":[{"embeddable":true,"href":"https:\/\/www.sudoestehoje.com.br\/novoportal\/wp-json\/wp\/v2\/comments?post=80451"}],"version-history":[{"count":3,"href":"https:\/\/www.sudoestehoje.com.br\/novoportal\/wp-json\/wp\/v2\/posts\/80451\/revisions"}],"predecessor-version":[{"id":80456,"href":"https:\/\/www.sudoestehoje.com.br\/novoportal\/wp-json\/wp\/v2\/posts\/80451\/revisions\/80456"}],"wp:featuredmedia":[{"embeddable":true,"href":"https:\/\/www.sudoestehoje.com.br\/novoportal\/wp-json\/wp\/v2\/media\/80452"}],"wp:attachment":[{"href":"https:\/\/www.sudoestehoje.com.br\/novoportal\/wp-json\/wp\/v2\/media?parent=80451"}],"wp:term":[{"taxonomy":"category","embeddable":true,"href":"https:\/\/www.sudoestehoje.com.br\/novoportal\/wp-json\/wp\/v2\/categories?post=80451"},{"taxonomy":"post_tag","embeddable":true,"href":"https:\/\/www.sudoestehoje.com.br\/novoportal\/wp-json\/wp\/v2\/tags?post=80451"}],"curies":[{"name":"wp","href":"https:\/\/api.w.org\/{rel}","templated":true}]}}