
{"id":80447,"date":"2019-06-19T19:57:06","date_gmt":"2019-06-19T22:57:06","guid":{"rendered":"https:\/\/www.sudoestehoje.com.br\/novoportal\/?p=80447"},"modified":"2019-06-19T19:57:06","modified_gmt":"2019-06-19T22:57:06","slug":"lojistas-baianos-comemoram-autorizacao-para-trabalho-aos-domingos-e-feriados","status":"publish","type":"post","link":"https:\/\/www.sudoestehoje.com.br\/novoportal\/2019\/06\/19\/lojistas-baianos-comemoram-autorizacao-para-trabalho-aos-domingos-e-feriados\/","title":{"rendered":"LOJISTAS BAIANOS COMEMORAM AUTORIZA\u00c7\u00c3O PARA TRABALHO AOS DOMINGOS E FERIADOS"},"content":{"rendered":"<p><a href=\"https:\/\/www.sudoestehoje.com.br\/novoportal\/wp-content\/uploads\/2019\/06\/alameda-1.jpg\"><img loading=\"lazy\" decoding=\"async\" class=\"aligncenter size-medium wp-image-80449\" src=\"https:\/\/www.sudoestehoje.com.br\/novoportal\/wp-content\/uploads\/2019\/06\/alameda-1-500x300.jpg\" alt=\"\" width=\"500\" height=\"300\" srcset=\"https:\/\/www.sudoestehoje.com.br\/novoportal\/wp-content\/uploads\/2019\/06\/alameda-1-500x300.jpg 500w, https:\/\/www.sudoestehoje.com.br\/novoportal\/wp-content\/uploads\/2019\/06\/alameda-1-768x461.jpg 768w, https:\/\/www.sudoestehoje.com.br\/novoportal\/wp-content\/uploads\/2019\/06\/alameda-1-700x420.jpg 700w, https:\/\/www.sudoestehoje.com.br\/novoportal\/wp-content\/uploads\/2019\/06\/alameda-1.jpg 960w\" sizes=\"auto, (max-width: 500px) 100vw, 500px\" \/><\/a><\/p>\n<p>Os lojistas baianos comemoraram nesta ter\u00e7a-feira (19) a decis\u00e3o do presidente Jair Bolsonaro de ampliar os setores da economia com\u00a0autoriza\u00e7\u00e3o para que os trabalhadores operem aos domingos e feriados.<\/p>\n<p><em>\u201c\u00c9 um avan\u00e7o muito significativo e vai desonerar a atividade produtiva no Pa\u00eds, em um instante que afasta uma s\u00e9rie de exig\u00eancias que hoje est\u00e3o presentes e aumentam essa dificuldade de empreender e gerar emprego e renda. Isso ser\u00e1 muito bom para todo o Brasil, visto que a perspectiva \u00e9 positiva para gera\u00e7\u00e3o de emprego, porque tem que se respeitar a jornada de trabalho\u201d<\/em>, disse o presidente do\u00a0Sindilojas\u00a0(Sindicato dos Lojistas do Com\u00e9rcio do Estado da Bahia), Paulo Motta.<\/p>\n<p>Em Itapetinga, o com\u00e9rcio funcionar\u00e1 normalmente no feriado desta quinta-feira (20), dia de Corpus Christi, em fun\u00e7\u00e3o dos festejos juninos.<\/p>\n","protected":false},"excerpt":{"rendered":"<p>Os lojistas baianos comemoraram nesta ter\u00e7a-feira (19) a decis\u00e3o do presidente Jair Bolsonaro de ampliar os setores da economia com\u00a0autoriza\u00e7\u00e3o para que os trabalhadores operem aos domingos e feriados. \u201c\u00c9 um avan\u00e7o muito significativo e vai desonerar a atividade produtiva no Pa\u00eds, em um instante que afasta uma s\u00e9rie de exig\u00eancias que hoje est\u00e3o presentes [&hellip;]<\/p>\n","protected":false},"author":2,"featured_media":80449,"comment_status":"open","ping_status":"open","sticky":false,"template":"","format":"standard","meta":{"footnotes":"","_links_to":"","_links_to_target":""},"categories":[1],"tags":[],"class_list":["post-80447","post","type-post","status-publish","format-standard","has-post-thumbnail","hentry","category-geral"],"views":674,"_links":{"self":[{"href":"https:\/\/www.sudoestehoje.com.br\/novoportal\/wp-json\/wp\/v2\/posts\/80447","targetHints":{"allow":["GET"]}}],"collection":[{"href":"https:\/\/www.sudoestehoje.com.br\/novoportal\/wp-json\/wp\/v2\/posts"}],"about":[{"href":"https:\/\/www.sudoestehoje.com.br\/novoportal\/wp-json\/wp\/v2\/types\/post"}],"author":[{"embeddable":true,"href":"https:\/\/www.sudoestehoje.com.br\/novoportal\/wp-json\/wp\/v2\/users\/2"}],"replies":[{"embeddable":true,"href":"https:\/\/www.sudoestehoje.com.br\/novoportal\/wp-json\/wp\/v2\/comments?post=80447"}],"version-history":[{"count":2,"href":"https:\/\/www.sudoestehoje.com.br\/novoportal\/wp-json\/wp\/v2\/posts\/80447\/revisions"}],"predecessor-version":[{"id":80450,"href":"https:\/\/www.sudoestehoje.com.br\/novoportal\/wp-json\/wp\/v2\/posts\/80447\/revisions\/80450"}],"wp:featuredmedia":[{"embeddable":true,"href":"https:\/\/www.sudoestehoje.com.br\/novoportal\/wp-json\/wp\/v2\/media\/80449"}],"wp:attachment":[{"href":"https:\/\/www.sudoestehoje.com.br\/novoportal\/wp-json\/wp\/v2\/media?parent=80447"}],"wp:term":[{"taxonomy":"category","embeddable":true,"href":"https:\/\/www.sudoestehoje.com.br\/novoportal\/wp-json\/wp\/v2\/categories?post=80447"},{"taxonomy":"post_tag","embeddable":true,"href":"https:\/\/www.sudoestehoje.com.br\/novoportal\/wp-json\/wp\/v2\/tags?post=80447"}],"curies":[{"name":"wp","href":"https:\/\/api.w.org\/{rel}","templated":true}]}}