
{"id":80442,"date":"2019-06-18T20:37:21","date_gmt":"2019-06-18T23:37:21","guid":{"rendered":"https:\/\/www.sudoestehoje.com.br\/novoportal\/?p=80442"},"modified":"2019-06-18T20:37:21","modified_gmt":"2019-06-18T23:37:21","slug":"bandidos-poem-fogo-em-carro-com-reporter-da-rede-bahia-no-porta-malas","status":"publish","type":"post","link":"https:\/\/www.sudoestehoje.com.br\/novoportal\/2019\/06\/18\/bandidos-poem-fogo-em-carro-com-reporter-da-rede-bahia-no-porta-malas\/","title":{"rendered":"BANDIDOS P\u00d5EM FOGO EM CARRO COM REP\u00d3RTER DA REDE BAHIA NO PORTA-MALAS"},"content":{"rendered":"<p><a href=\"https:\/\/www.sudoestehoje.com.br\/novoportal\/wp-content\/uploads\/2019\/06\/rep-rede-ba.jpg\"><img loading=\"lazy\" decoding=\"async\" class=\"aligncenter size-medium wp-image-80443\" src=\"https:\/\/www.sudoestehoje.com.br\/novoportal\/wp-content\/uploads\/2019\/06\/rep-rede-ba-500x333.jpg\" alt=\"\" width=\"500\" height=\"333\" srcset=\"https:\/\/www.sudoestehoje.com.br\/novoportal\/wp-content\/uploads\/2019\/06\/rep-rede-ba-500x333.jpg 500w, https:\/\/www.sudoestehoje.com.br\/novoportal\/wp-content\/uploads\/2019\/06\/rep-rede-ba.jpg 600w\" sizes=\"auto, (max-width: 500px) 100vw, 500px\" \/><\/a><\/p>\n<p>O rep\u00f3rter da TV Bahia Jony Torres foi trancado na mala do pr\u00f3prio carro durante uma tentativa de assalto no in\u00edcio da noite desta segunda-feira (17) na Zona Rural de Esplanada, Nordeste da Bahia. Os ladr\u00f5es ainda atearam fogo ao ve\u00edculo, mas Jony conseguiu escapar antes das chamas consumirem seu ve\u00edculo, um modelo Nissan Tiida de quatro portas. O carro teve perda total. O jornalista tem uma fazenda com o sogro no munic\u00edpio.<\/p>\n<p><a href=\"https:\/\/www.sudoestehoje.com.br\/novoportal\/wp-content\/uploads\/2019\/06\/rep-rede-ba-1.jpg\"><img loading=\"lazy\" decoding=\"async\" class=\"aligncenter size-full wp-image-80444\" src=\"https:\/\/www.sudoestehoje.com.br\/novoportal\/wp-content\/uploads\/2019\/06\/rep-rede-ba-1.jpg\" alt=\"\" width=\"420\" height=\"281\" \/><\/a><\/p>\n<p>O crime foi cometido por dois homens que estavam numa moto. Segundo o jornalista, um deles aparentava ser adolescente, mas foi o mais velho que comandou toda a a\u00e7\u00e3o. O jornalista conta que o assalto durou, aproximadamente, 30 minutos. Ele ainda chegou a ser reconhecido pelo mais jovem, mas foi confundido com um policial. Para ele, foi mais uma viol\u00eancia psicol\u00f3gica do que f\u00edsica.\u00a0<a href=\"https:\/\/www.blogdoanderson.com\/2019\/06\/18\/nordeste-da-bahia-bandidos-poem-fogo-em-carro-com-reporter-da-tv-bahia-no-porta-malas\/\" target=\"_blank\" rel=\"noopener noreferrer\">Confira a reportagem do Correio<\/a>.<\/p>\n<p><em>Blog do Anderson<\/em><\/p>\n","protected":false},"excerpt":{"rendered":"<p>O rep\u00f3rter da TV Bahia Jony Torres foi trancado na mala do pr\u00f3prio carro durante uma tentativa de assalto no in\u00edcio da noite desta segunda-feira (17) na Zona Rural de Esplanada, Nordeste da Bahia. Os ladr\u00f5es ainda atearam fogo ao ve\u00edculo, mas Jony conseguiu escapar antes das chamas consumirem seu ve\u00edculo, um modelo Nissan Tiida [&hellip;]<\/p>\n","protected":false},"author":2,"featured_media":80443,"comment_status":"open","ping_status":"open","sticky":false,"template":"","format":"standard","meta":{"footnotes":"","_links_to":"","_links_to_target":""},"categories":[1],"tags":[],"class_list":["post-80442","post","type-post","status-publish","format-standard","has-post-thumbnail","hentry","category-geral"],"views":838,"_links":{"self":[{"href":"https:\/\/www.sudoestehoje.com.br\/novoportal\/wp-json\/wp\/v2\/posts\/80442","targetHints":{"allow":["GET"]}}],"collection":[{"href":"https:\/\/www.sudoestehoje.com.br\/novoportal\/wp-json\/wp\/v2\/posts"}],"about":[{"href":"https:\/\/www.sudoestehoje.com.br\/novoportal\/wp-json\/wp\/v2\/types\/post"}],"author":[{"embeddable":true,"href":"https:\/\/www.sudoestehoje.com.br\/novoportal\/wp-json\/wp\/v2\/users\/2"}],"replies":[{"embeddable":true,"href":"https:\/\/www.sudoestehoje.com.br\/novoportal\/wp-json\/wp\/v2\/comments?post=80442"}],"version-history":[{"count":1,"href":"https:\/\/www.sudoestehoje.com.br\/novoportal\/wp-json\/wp\/v2\/posts\/80442\/revisions"}],"predecessor-version":[{"id":80445,"href":"https:\/\/www.sudoestehoje.com.br\/novoportal\/wp-json\/wp\/v2\/posts\/80442\/revisions\/80445"}],"wp:featuredmedia":[{"embeddable":true,"href":"https:\/\/www.sudoestehoje.com.br\/novoportal\/wp-json\/wp\/v2\/media\/80443"}],"wp:attachment":[{"href":"https:\/\/www.sudoestehoje.com.br\/novoportal\/wp-json\/wp\/v2\/media?parent=80442"}],"wp:term":[{"taxonomy":"category","embeddable":true,"href":"https:\/\/www.sudoestehoje.com.br\/novoportal\/wp-json\/wp\/v2\/categories?post=80442"},{"taxonomy":"post_tag","embeddable":true,"href":"https:\/\/www.sudoestehoje.com.br\/novoportal\/wp-json\/wp\/v2\/tags?post=80442"}],"curies":[{"name":"wp","href":"https:\/\/api.w.org\/{rel}","templated":true}]}}