
{"id":80431,"date":"2019-06-18T08:32:49","date_gmt":"2019-06-18T11:32:49","guid":{"rendered":"https:\/\/www.sudoestehoje.com.br\/novoportal\/?p=80431"},"modified":"2019-06-18T19:41:05","modified_gmt":"2019-06-18T22:41:05","slug":"horario-especial-do-comercio-no-sao-joao","status":"publish","type":"post","link":"https:\/\/www.sudoestehoje.com.br\/novoportal\/2019\/06\/18\/horario-especial-do-comercio-no-sao-joao\/","title":{"rendered":"HOR\u00c1RIO ESPECIAL DO COM\u00c9RCIO NO S\u00c3O JO\u00c3O"},"content":{"rendered":"<p><a href=\"https:\/\/www.sudoestehoje.com.br\/novoportal\/wp-content\/uploads\/2019\/06\/cdl-sj.jpg\"><img loading=\"lazy\" decoding=\"async\" class=\"aligncenter size-medium wp-image-80433\" src=\"https:\/\/www.sudoestehoje.com.br\/novoportal\/wp-content\/uploads\/2019\/06\/cdl-sj-500x374.jpg\" alt=\"\" width=\"500\" height=\"374\" srcset=\"https:\/\/www.sudoestehoje.com.br\/novoportal\/wp-content\/uploads\/2019\/06\/cdl-sj-500x374.jpg 500w, https:\/\/www.sudoestehoje.com.br\/novoportal\/wp-content\/uploads\/2019\/06\/cdl-sj-768x575.jpg 768w, https:\/\/www.sudoestehoje.com.br\/novoportal\/wp-content\/uploads\/2019\/06\/cdl-sj-700x524.jpg 700w, https:\/\/www.sudoestehoje.com.br\/novoportal\/wp-content\/uploads\/2019\/06\/cdl-sj.jpg 960w\" sizes=\"auto, (max-width: 500px) 100vw, 500px\" \/><\/a>A CDL de Itapetinga divulgou, nesta ter\u00e7a-feira (18), o hor\u00e1rio de funcionamento do com\u00e9rcio local durante o per\u00edodo das festas juninas, entre os dias 18 e 22 de junho.<\/p>\n<p>Nos dias 18, 19 e 21 as lojas abrir\u00e3o das 8h \u00e0s 19h. J\u00e1 nos dias 20 e 22, funcionar\u00e3o no hor\u00e1rio normal, das 8h \u00e0s 18h.<\/p>\n","protected":false},"excerpt":{"rendered":"<p>A CDL de Itapetinga divulgou, nesta ter\u00e7a-feira (18), o hor\u00e1rio de funcionamento do com\u00e9rcio local durante o per\u00edodo das festas juninas, entre os dias 18 e 22 de junho. Nos dias 18, 19 e 21 as lojas abrir\u00e3o das 8h \u00e0s 19h. J\u00e1 nos dias 20 e 22, funcionar\u00e3o no hor\u00e1rio normal, das 8h \u00e0s [&hellip;]<\/p>\n","protected":false},"author":2,"featured_media":80433,"comment_status":"open","ping_status":"open","sticky":false,"template":"","format":"standard","meta":{"footnotes":"","_links_to":"","_links_to_target":""},"categories":[1],"tags":[],"class_list":["post-80431","post","type-post","status-publish","format-standard","has-post-thumbnail","hentry","category-geral"],"views":1004,"_links":{"self":[{"href":"https:\/\/www.sudoestehoje.com.br\/novoportal\/wp-json\/wp\/v2\/posts\/80431","targetHints":{"allow":["GET"]}}],"collection":[{"href":"https:\/\/www.sudoestehoje.com.br\/novoportal\/wp-json\/wp\/v2\/posts"}],"about":[{"href":"https:\/\/www.sudoestehoje.com.br\/novoportal\/wp-json\/wp\/v2\/types\/post"}],"author":[{"embeddable":true,"href":"https:\/\/www.sudoestehoje.com.br\/novoportal\/wp-json\/wp\/v2\/users\/2"}],"replies":[{"embeddable":true,"href":"https:\/\/www.sudoestehoje.com.br\/novoportal\/wp-json\/wp\/v2\/comments?post=80431"}],"version-history":[{"count":2,"href":"https:\/\/www.sudoestehoje.com.br\/novoportal\/wp-json\/wp\/v2\/posts\/80431\/revisions"}],"predecessor-version":[{"id":80434,"href":"https:\/\/www.sudoestehoje.com.br\/novoportal\/wp-json\/wp\/v2\/posts\/80431\/revisions\/80434"}],"wp:featuredmedia":[{"embeddable":true,"href":"https:\/\/www.sudoestehoje.com.br\/novoportal\/wp-json\/wp\/v2\/media\/80433"}],"wp:attachment":[{"href":"https:\/\/www.sudoestehoje.com.br\/novoportal\/wp-json\/wp\/v2\/media?parent=80431"}],"wp:term":[{"taxonomy":"category","embeddable":true,"href":"https:\/\/www.sudoestehoje.com.br\/novoportal\/wp-json\/wp\/v2\/categories?post=80431"},{"taxonomy":"post_tag","embeddable":true,"href":"https:\/\/www.sudoestehoje.com.br\/novoportal\/wp-json\/wp\/v2\/tags?post=80431"}],"curies":[{"name":"wp","href":"https:\/\/api.w.org\/{rel}","templated":true}]}}