
{"id":8043,"date":"2011-08-31T12:56:22","date_gmt":"2011-08-31T15:56:22","guid":{"rendered":"http:\/\/www.sudoestehoje.com.br\/novoportal\/?p=8043"},"modified":"2011-08-31T12:56:22","modified_gmt":"2011-08-31T15:56:22","slug":"vereador-jose-roberto-foi-contratado-pela-prefeitura","status":"publish","type":"post","link":"https:\/\/www.sudoestehoje.com.br\/novoportal\/2011\/08\/31\/vereador-jose-roberto-foi-contratado-pela-prefeitura\/","title":{"rendered":"VEREADOR JOS\u00c9 ROBERTO FOI CONTRATADO PELA PREFEITURA?"},"content":{"rendered":"<p style=\"text-align: center;\"><img decoding=\"async\" class=\"aligncenter\" src=\"http:\/\/1.bp.blogspot.com\/-fKWD_ZEeCHw\/TWK6zNmecWI\/AAAAAAAAHSU\/dYLrsot6eqI\/s400\/V%25C3%2581RIAS+212.jpg\" alt=\"\" width=\"500\" \/><\/p>\n<p style=\"text-align: center;\"><em><strong>Dr. Jos\u00e9 Roberto em atendimento no Posto Roberto Santos (fotos G4 TV)<\/strong><\/em><\/p>\n<p>ITAPETINGA: Acabamos de receber, via coment\u00e1rio de um internauta, den\u00fancia dando conta de que o vereador Jos\u00e9 Roberto Menezes (PSDB), vem mantendo contrato com o munic\u00edpio de Itapetinga, para dar atendimento m\u00e9dico ambulatorial no Posto Guilherme Dias, todas as quartas, quintas e sextas-feiras. O contrato, teria sido firmado em nome da empresa JOANA D\u2019ARC SANTOS GUSM\u00c3O, no valor global de R$ 51.705,00, com vigor entre \u00a001\/08\/2011 e 31\/12\/2011. Segundo a den\u00fancia, a empresa seria de pessoa ligada ao vereador Jos\u00e9 Roberto, com endere\u00e7o na cidade de Itarantim.<\/p>\n<p style=\"text-align: center;\"><img decoding=\"async\" class=\"aligncenter\" src=\"http:\/\/2.bp.blogspot.com\/-kb5JmBW0q0c\/TWLAeCmT80I\/AAAAAAAAHbI\/AW0_uk2Tb2Q\/s400\/DOMINGO+MAIS+SA%25C3%259ADE+%25283%2529.jpg\" alt=\"\" width=\"500\" \/><\/p>\n<p>Vale lembrar que a Constitui\u00e7\u00e3o Federal pro\u00edbe que vereadores mantenham contratos com o munic\u00edpio, sob pena de perda do mandato eletivo. No caso em tela, parece que h\u00e1 uma tentativa de burlar a lei, atrav\u00e9s da contrata\u00e7\u00e3o de terceiro, comumente conhecido como &#8220;laranja&#8221;. O prefeito tamb\u00e9m responde, segundo estabelece a lei.<\/p>\n<p>A nossa reportagem checou o CNPJ da empresa, no site da Receita Federal, onde consta que a JOANA D\u2019ARC SANTOS GUSM\u00c3O \u00e9 uma firma Individual. Pesquisando sobre a sua titular, descobrimos que se trata da <em>professora &#8220;Darquinha&#8221;,<\/em> ex-vereadora e ex vice-prefeita da cidade de Itarantim. Constatamos, tamb\u00e9m, que o vereador e m\u00e9dico Dr. Jos\u00e9 Roberto atendeu normalmente na Policl\u00ednica do Posto Guilherme Dias, durante a manh\u00e3 desta quarta-feira.<\/p>\n<p>Veja a den\u00fancia na \u00edntegra e a publica\u00e7\u00e3o do extrato do contrato no Di\u00e1rio Oficial do Munic\u00edpio:<\/p>\n<p><em>&#8220;Davi<br \/>\nEm rela\u00e7\u00e3o a publica\u00e7\u00e3o feita no Di\u00e1rio Oficial de Itapetinga,no dia 25 e modificada posteriormente (FUNDO MUNICIPAL DE SAUDE); Contratada: EMPRESA JOANA D\u2019ARC SANTOS GUSM\u00c3O, empresa contratada para poder pagar o Dr. Jos\u00e9 Roberto ( que nao pode ser contratado por ser vereador do municipio), essa empresa \u00e9 de uma pessoa que reside em Itarantim, ou seja, laranja de Dr. Jos\u00e9 Roberto!!!\u00a0De dentro:&#8221;<\/em><br \/>\n<strong><em><br \/>\nDi\u00e1rio Oficial<\/em><\/strong><\/p>\n<p>Ano: 1 Edi\u00e7\u00e3o: 558 P\u00e1ginas: 2 25 de agosto de 2011<br \/>\nPrefeitura Municipal de Itapetinga<br \/>\n\u00cdndice do di\u00e1rio<br \/>\nLicita\u00e7\u00f5es<br \/>\nLicita\u00e7\u00e3o \u2013 INEXIGIBILIDADE N\u00ba. 027\/2011-FS<\/p>\n<p>O PREFEITO MUNICIPAL DE ITAPETINGA, ESTADO DA BAHIA, no uso de suas atribui\u00e7\u00f5es legais e de acordo com o art. 26, da Lei Federal n\u00ba.\u00a08.666\/93, publica o seguinte resumo de inexigibilidade para a devida produ\u00e7\u00e3o de direito:<br \/>\nINEXIGIBILIDADE N\u00ba. 027\/2011-FS<br \/>\nProcesso Administrativo n\u00ba. 431\/2009; Contratante: FUNDO MUNICIPAL DE SAUDE; Contratada: EMPRESA JOANA D\u2019ARC SANTOS GUSM\u00c3O;<br \/>\nCNPJ n\u00ba.:Objeto: presta\u00e7\u00e3o de servi\u00e7os m\u00e9dicos na Policl\u00ednica do Guilherme Dias, devido a crescente demanda de atendimentos \u00e1 comunidade. A\u00a0empresa vai fornecer atendimento ambulatorial, 25 (vinte e cinco) atendimentos pr\u00e9-agendados e 05 (cinco) atendimentos de urg\u00eancia todas as quarta,\u00a0quinta e sexta-feira durante o turno matutino, segundo solicita\u00e7\u00e3o da Secretaria Municipal de Sa\u00fade; Vig\u00eancia: 01\/08\/2011 \u00e1 31\/12\/2011; Valor Global:<br \/>\nR$ 51.705,00 (cinq\u00fcenta e um mil, setecentos e cinco reais); Base Legal: artigo 25, da Lei Federal 8.666\/93. 32.682.429\/0001-00;<br \/>\nJOSE CARLOS CRUZ CERQUEIRA MOURA \u2013 Prefeito<br \/>\nDocumento assinado digitalmente conforme MP n. 2.200-2\/2001 de 24\/08\/2001, que institui a infra-estrutura de Chaves P\u00fablicas Brasileira \u2013 ICP \u2013 Brasil<\/p>\n<p><strong><em>Por DAVI FERRAZ<\/em><\/strong><\/p>\n","protected":false},"excerpt":{"rendered":"<p>Dr. Jos\u00e9 Roberto em atendimento no Posto Roberto Santos (fotos G4 TV) ITAPETINGA: Acabamos de receber, via coment\u00e1rio de um internauta, den\u00fancia dando conta de que o vereador Jos\u00e9 Roberto Menezes (PSDB), vem mantendo contrato com o munic\u00edpio de Itapetinga, para dar atendimento m\u00e9dico ambulatorial no Posto Guilherme Dias, todas as quartas, quintas e sextas-feiras. [&hellip;]<\/p>\n","protected":false},"author":2,"featured_media":0,"comment_status":"open","ping_status":"open","sticky":false,"template":"","format":"standard","meta":{"footnotes":"","_links_to":"","_links_to_target":""},"categories":[1],"tags":[],"class_list":["post-8043","post","type-post","status-publish","format-standard","hentry","category-geral"],"views":3329,"_links":{"self":[{"href":"https:\/\/www.sudoestehoje.com.br\/novoportal\/wp-json\/wp\/v2\/posts\/8043","targetHints":{"allow":["GET"]}}],"collection":[{"href":"https:\/\/www.sudoestehoje.com.br\/novoportal\/wp-json\/wp\/v2\/posts"}],"about":[{"href":"https:\/\/www.sudoestehoje.com.br\/novoportal\/wp-json\/wp\/v2\/types\/post"}],"author":[{"embeddable":true,"href":"https:\/\/www.sudoestehoje.com.br\/novoportal\/wp-json\/wp\/v2\/users\/2"}],"replies":[{"embeddable":true,"href":"https:\/\/www.sudoestehoje.com.br\/novoportal\/wp-json\/wp\/v2\/comments?post=8043"}],"version-history":[{"count":10,"href":"https:\/\/www.sudoestehoje.com.br\/novoportal\/wp-json\/wp\/v2\/posts\/8043\/revisions"}],"predecessor-version":[{"id":8062,"href":"https:\/\/www.sudoestehoje.com.br\/novoportal\/wp-json\/wp\/v2\/posts\/8043\/revisions\/8062"}],"wp:attachment":[{"href":"https:\/\/www.sudoestehoje.com.br\/novoportal\/wp-json\/wp\/v2\/media?parent=8043"}],"wp:term":[{"taxonomy":"category","embeddable":true,"href":"https:\/\/www.sudoestehoje.com.br\/novoportal\/wp-json\/wp\/v2\/categories?post=8043"},{"taxonomy":"post_tag","embeddable":true,"href":"https:\/\/www.sudoestehoje.com.br\/novoportal\/wp-json\/wp\/v2\/tags?post=8043"}],"curies":[{"name":"wp","href":"https:\/\/api.w.org\/{rel}","templated":true}]}}