
{"id":80425,"date":"2019-06-18T19:19:36","date_gmt":"2019-06-18T22:19:36","guid":{"rendered":"https:\/\/www.sudoestehoje.com.br\/novoportal\/?p=80425"},"modified":"2019-06-18T19:19:36","modified_gmt":"2019-06-18T22:19:36","slug":"comissao-de-infraestrutura-da-alba-vai-discutir-ferry-boat-em-audiencia-publica","status":"publish","type":"post","link":"https:\/\/www.sudoestehoje.com.br\/novoportal\/2019\/06\/18\/comissao-de-infraestrutura-da-alba-vai-discutir-ferry-boat-em-audiencia-publica\/","title":{"rendered":"COMISS\u00c3O DE INFRAESTRUTURA DA ALBA VAI DISCUTIR FERRY BOAT EM AUDI\u00caNCIA P\u00daBLICA"},"content":{"rendered":"<p><a href=\"https:\/\/www.sudoestehoje.com.br\/novoportal\/wp-content\/uploads\/2019\/06\/Pedro-Tavares-na-presid\u00eancia-da-Comiss\u00e3o.jpeg\"><img loading=\"lazy\" decoding=\"async\" class=\"aligncenter size-medium wp-image-80429\" src=\"https:\/\/www.sudoestehoje.com.br\/novoportal\/wp-content\/uploads\/2019\/06\/Pedro-Tavares-na-presid\u00eancia-da-Comiss\u00e3o-500x375.jpeg\" alt=\"\" width=\"500\" height=\"375\" srcset=\"https:\/\/www.sudoestehoje.com.br\/novoportal\/wp-content\/uploads\/2019\/06\/Pedro-Tavares-na-presid\u00eancia-da-Comiss\u00e3o-500x375.jpeg 500w, https:\/\/www.sudoestehoje.com.br\/novoportal\/wp-content\/uploads\/2019\/06\/Pedro-Tavares-na-presid\u00eancia-da-Comiss\u00e3o-768x576.jpeg 768w, https:\/\/www.sudoestehoje.com.br\/novoportal\/wp-content\/uploads\/2019\/06\/Pedro-Tavares-na-presid\u00eancia-da-Comiss\u00e3o-700x525.jpeg 700w, https:\/\/www.sudoestehoje.com.br\/novoportal\/wp-content\/uploads\/2019\/06\/Pedro-Tavares-na-presid\u00eancia-da-Comiss\u00e3o.jpeg 1280w\" sizes=\"auto, (max-width: 500px) 100vw, 500px\" \/><\/a><\/p>\n<p>A Comiss\u00e3o de Infraestrutura, Desenvolvimento Econ\u00f4mico e Turismo da Assembleia Legislativa da Bahia aprovou durante reuni\u00e3o, hoje (18\/06), a realiza\u00e7\u00e3o de uma audi\u00eancia p\u00fablica para debater a situa\u00e7\u00e3o do sistema Ferry Boat. Presidido pelo deputado estadual Pedro Tavares (DEM), o colegiado ouviu os apelos da Associa\u00e7\u00e3o de Mobilidade Urbana, em rela\u00e7\u00e3o a necessidade de melhoria no transporte mar\u00edtimo, na Bahia. Foi estabelecida a cria\u00e7\u00e3o de uma comiss\u00e3o, coordenada pelos deputados Z\u00e9 Coc\u00e1 (PP), Niltinho (PP) e Alex Lima (PSB), que ir\u00e1 se reunir essa semana com o secret\u00e1rio estadual de Infraestrutura, Marcus Cavalcanti a fim de obter informa\u00e7\u00f5es sobre o contrato com a empresa Internacional Mar\u00edtima para a opera\u00e7\u00e3o do sistema.<\/p>\n<p>\u201cSou a favor dessa luta pela melhoria nos servi\u00e7os e na seguran\u00e7a do transporte mar\u00edtimo e essa \u00e9 uma defesa antiga, que est\u00e1 presente desde o meu primeiro mandato e tamb\u00e9m quando fui presidente da Comiss\u00e3o de Defesa do Consumidor e n\u00f3s j\u00e1 n\u00e3o v\u00edamos resultados efetivos para os cidad\u00e3os. H\u00e1 uma reivindica\u00e7\u00e3o constante por mais qualidade na opera\u00e7\u00e3o, na manuten\u00e7\u00e3o das embarca\u00e7\u00f5es, etc. N\u00e3o \u00e9 uma discuss\u00e3o pela discuss\u00e3o, mas por algo concreto, que volta e meia gera reclama\u00e7\u00e3o dos usu\u00e1rios. A Comiss\u00e3o vai tirar d\u00favidas e embasar o conhecimento sobre o sistema ferry boat com o objetivo de discutir de forma aprofundada\u201d, afirmou Tavares.<\/p>\n","protected":false},"excerpt":{"rendered":"<p>A Comiss\u00e3o de Infraestrutura, Desenvolvimento Econ\u00f4mico e Turismo da Assembleia Legislativa da Bahia aprovou durante reuni\u00e3o, hoje (18\/06), a realiza\u00e7\u00e3o de uma audi\u00eancia p\u00fablica para debater a situa\u00e7\u00e3o do sistema Ferry Boat. Presidido pelo deputado estadual Pedro Tavares (DEM), o colegiado ouviu os apelos da Associa\u00e7\u00e3o de Mobilidade Urbana, em rela\u00e7\u00e3o a necessidade de melhoria [&hellip;]<\/p>\n","protected":false},"author":2,"featured_media":80429,"comment_status":"open","ping_status":"open","sticky":false,"template":"","format":"standard","meta":{"footnotes":"","_links_to":"","_links_to_target":""},"categories":[1],"tags":[],"class_list":["post-80425","post","type-post","status-publish","format-standard","has-post-thumbnail","hentry","category-geral"],"views":640,"_links":{"self":[{"href":"https:\/\/www.sudoestehoje.com.br\/novoportal\/wp-json\/wp\/v2\/posts\/80425","targetHints":{"allow":["GET"]}}],"collection":[{"href":"https:\/\/www.sudoestehoje.com.br\/novoportal\/wp-json\/wp\/v2\/posts"}],"about":[{"href":"https:\/\/www.sudoestehoje.com.br\/novoportal\/wp-json\/wp\/v2\/types\/post"}],"author":[{"embeddable":true,"href":"https:\/\/www.sudoestehoje.com.br\/novoportal\/wp-json\/wp\/v2\/users\/2"}],"replies":[{"embeddable":true,"href":"https:\/\/www.sudoestehoje.com.br\/novoportal\/wp-json\/wp\/v2\/comments?post=80425"}],"version-history":[{"count":4,"href":"https:\/\/www.sudoestehoje.com.br\/novoportal\/wp-json\/wp\/v2\/posts\/80425\/revisions"}],"predecessor-version":[{"id":80430,"href":"https:\/\/www.sudoestehoje.com.br\/novoportal\/wp-json\/wp\/v2\/posts\/80425\/revisions\/80430"}],"wp:featuredmedia":[{"embeddable":true,"href":"https:\/\/www.sudoestehoje.com.br\/novoportal\/wp-json\/wp\/v2\/media\/80429"}],"wp:attachment":[{"href":"https:\/\/www.sudoestehoje.com.br\/novoportal\/wp-json\/wp\/v2\/media?parent=80425"}],"wp:term":[{"taxonomy":"category","embeddable":true,"href":"https:\/\/www.sudoestehoje.com.br\/novoportal\/wp-json\/wp\/v2\/categories?post=80425"},{"taxonomy":"post_tag","embeddable":true,"href":"https:\/\/www.sudoestehoje.com.br\/novoportal\/wp-json\/wp\/v2\/tags?post=80425"}],"curies":[{"name":"wp","href":"https:\/\/api.w.org\/{rel}","templated":true}]}}