
{"id":80420,"date":"2019-06-17T17:54:53","date_gmt":"2019-06-17T20:54:53","guid":{"rendered":"https:\/\/www.sudoestehoje.com.br\/novoportal\/?p=80420"},"modified":"2019-06-17T17:54:53","modified_gmt":"2019-06-17T20:54:53","slug":"prefeito-rodrigo-hagge-decreta-ponto-facultativo-durante-festejos-juninos","status":"publish","type":"post","link":"https:\/\/www.sudoestehoje.com.br\/novoportal\/2019\/06\/17\/prefeito-rodrigo-hagge-decreta-ponto-facultativo-durante-festejos-juninos\/","title":{"rendered":"PREFEITO RODRIGO HAGGE DECRETA PONTO FACULTATIVO DURANTE FESTEJOS JUNINOS"},"content":{"rendered":"<p><a href=\"https:\/\/www.sudoestehoje.com.br\/novoportal\/wp-content\/uploads\/2019\/06\/ponto-facul.jpg\"><img loading=\"lazy\" decoding=\"async\" class=\"aligncenter size-medium wp-image-80423\" src=\"https:\/\/www.sudoestehoje.com.br\/novoportal\/wp-content\/uploads\/2019\/06\/ponto-facul-500x329.jpg\" alt=\"\" width=\"500\" height=\"329\" srcset=\"https:\/\/www.sudoestehoje.com.br\/novoportal\/wp-content\/uploads\/2019\/06\/ponto-facul-500x329.jpg 500w, https:\/\/www.sudoestehoje.com.br\/novoportal\/wp-content\/uploads\/2019\/06\/ponto-facul.jpg 558w\" sizes=\"auto, (max-width: 500px) 100vw, 500px\" \/><\/a><\/p>\n<p>O prefeito de Itapetinga, Rodrigo Hagge, baixou decreto nesta segunda-feira (17), estabelecendo Ponto Facultativo nas reparti\u00e7\u00f5es municipais, nos dias 20, 21 e 24 de junho, per\u00edodo em que se comemora o S\u00e3o Jo\u00e3o no munic\u00edpio, com festejos no Parque Poliesportivo da Lagoa.<\/p>\n<p>No dia 25 de junho, todas as reparti\u00e7\u00f5es funcionar\u00e3o em hor\u00e1rio especial, das 13 \u00e0s 17 h.<\/p>\n<p>De acordo com o Decreto n\u00ba 82\/19, ficam exclu\u00eddos do Ponto Facultativo os servi\u00e7os essenciais e de interesse p\u00fablico, tais como atendimentos em hospitais, servi\u00e7os de obras, coleta de lixo, limpeza urbana e cong\u00eaneres.<\/p>\n<p><strong><em>Por Davi Ferraz\u00a0<\/em><\/strong><\/p>\n","protected":false},"excerpt":{"rendered":"<p>O prefeito de Itapetinga, Rodrigo Hagge, baixou decreto nesta segunda-feira (17), estabelecendo Ponto Facultativo nas reparti\u00e7\u00f5es municipais, nos dias 20, 21 e 24 de junho, per\u00edodo em que se comemora o S\u00e3o Jo\u00e3o no munic\u00edpio, com festejos no Parque Poliesportivo da Lagoa. No dia 25 de junho, todas as reparti\u00e7\u00f5es funcionar\u00e3o em hor\u00e1rio especial, das [&hellip;]<\/p>\n","protected":false},"author":2,"featured_media":80423,"comment_status":"open","ping_status":"open","sticky":false,"template":"","format":"standard","meta":{"footnotes":"","_links_to":"","_links_to_target":""},"categories":[1],"tags":[],"class_list":["post-80420","post","type-post","status-publish","format-standard","has-post-thumbnail","hentry","category-geral"],"views":743,"_links":{"self":[{"href":"https:\/\/www.sudoestehoje.com.br\/novoportal\/wp-json\/wp\/v2\/posts\/80420","targetHints":{"allow":["GET"]}}],"collection":[{"href":"https:\/\/www.sudoestehoje.com.br\/novoportal\/wp-json\/wp\/v2\/posts"}],"about":[{"href":"https:\/\/www.sudoestehoje.com.br\/novoportal\/wp-json\/wp\/v2\/types\/post"}],"author":[{"embeddable":true,"href":"https:\/\/www.sudoestehoje.com.br\/novoportal\/wp-json\/wp\/v2\/users\/2"}],"replies":[{"embeddable":true,"href":"https:\/\/www.sudoestehoje.com.br\/novoportal\/wp-json\/wp\/v2\/comments?post=80420"}],"version-history":[{"count":3,"href":"https:\/\/www.sudoestehoje.com.br\/novoportal\/wp-json\/wp\/v2\/posts\/80420\/revisions"}],"predecessor-version":[{"id":80424,"href":"https:\/\/www.sudoestehoje.com.br\/novoportal\/wp-json\/wp\/v2\/posts\/80420\/revisions\/80424"}],"wp:featuredmedia":[{"embeddable":true,"href":"https:\/\/www.sudoestehoje.com.br\/novoportal\/wp-json\/wp\/v2\/media\/80423"}],"wp:attachment":[{"href":"https:\/\/www.sudoestehoje.com.br\/novoportal\/wp-json\/wp\/v2\/media?parent=80420"}],"wp:term":[{"taxonomy":"category","embeddable":true,"href":"https:\/\/www.sudoestehoje.com.br\/novoportal\/wp-json\/wp\/v2\/categories?post=80420"},{"taxonomy":"post_tag","embeddable":true,"href":"https:\/\/www.sudoestehoje.com.br\/novoportal\/wp-json\/wp\/v2\/tags?post=80420"}],"curies":[{"name":"wp","href":"https:\/\/api.w.org\/{rel}","templated":true}]}}