
{"id":80395,"date":"2019-06-16T13:31:29","date_gmt":"2019-06-16T16:31:29","guid":{"rendered":"https:\/\/www.sudoestehoje.com.br\/novoportal\/?p=80395"},"modified":"2019-06-16T13:31:29","modified_gmt":"2019-06-16T16:31:29","slug":"itapetinga-comeca-a-ser-montado-o-arraia-do-vaqueiro-no-parque-da-lagoa","status":"publish","type":"post","link":"https:\/\/www.sudoestehoje.com.br\/novoportal\/2019\/06\/16\/itapetinga-comeca-a-ser-montado-o-arraia-do-vaqueiro-no-parque-da-lagoa\/","title":{"rendered":"ITAPETINGA: COME\u00c7A A SER MONTADO O &#8216;ARRAI\u00c1 DO VAQUEIRO&#8217; NO PARQUE DA LAGOA"},"content":{"rendered":"<p><a href=\"https:\/\/www.sudoestehoje.com.br\/novoportal\/wp-content\/uploads\/2019\/06\/for-1.jpg\"><img loading=\"lazy\" decoding=\"async\" class=\"aligncenter size-medium wp-image-80396\" src=\"https:\/\/www.sudoestehoje.com.br\/novoportal\/wp-content\/uploads\/2019\/06\/for-1-500x375.jpg\" alt=\"\" width=\"500\" height=\"375\" srcset=\"https:\/\/www.sudoestehoje.com.br\/novoportal\/wp-content\/uploads\/2019\/06\/for-1-500x375.jpg 500w, https:\/\/www.sudoestehoje.com.br\/novoportal\/wp-content\/uploads\/2019\/06\/for-1-768x576.jpg 768w, https:\/\/www.sudoestehoje.com.br\/novoportal\/wp-content\/uploads\/2019\/06\/for-1-700x525.jpg 700w, https:\/\/www.sudoestehoje.com.br\/novoportal\/wp-content\/uploads\/2019\/06\/for-1.jpg 960w\" sizes=\"auto, (max-width: 500px) 100vw, 500px\" \/><\/a><\/p>\n<p>J\u00e1 teve in\u00edcio a montagem do &#8216;Arrai\u00e1 do Vaqueiro&#8217;, no Parque Poliesportivo da Lagoa, para a tradicional festa de S\u00e3o Jo\u00e3o de Itapetinga, uma das melhores e mais bem estruturadas da Bahia.<\/p>\n<p>Apesar de ser uma festa p\u00fablica patrocinada pela prefeitura e alguns colaboradores, o espa\u00e7o da festa vem sendo fechado nas \u00faltimas edi\u00e7\u00f5es, para maior seguran\u00e7a dos frequentadores e barraqueiros.<\/p>\n<p><a href=\"https:\/\/www.sudoestehoje.com.br\/novoportal\/wp-content\/uploads\/2019\/06\/for-2.jpg\"><img loading=\"lazy\" decoding=\"async\" class=\"aligncenter size-medium wp-image-80397\" src=\"https:\/\/www.sudoestehoje.com.br\/novoportal\/wp-content\/uploads\/2019\/06\/for-2-500x375.jpg\" alt=\"\" width=\"500\" height=\"375\" srcset=\"https:\/\/www.sudoestehoje.com.br\/novoportal\/wp-content\/uploads\/2019\/06\/for-2-500x375.jpg 500w, https:\/\/www.sudoestehoje.com.br\/novoportal\/wp-content\/uploads\/2019\/06\/for-2-768x576.jpg 768w, https:\/\/www.sudoestehoje.com.br\/novoportal\/wp-content\/uploads\/2019\/06\/for-2-700x525.jpg 700w, https:\/\/www.sudoestehoje.com.br\/novoportal\/wp-content\/uploads\/2019\/06\/for-2.jpg 960w\" sizes=\"auto, (max-width: 500px) 100vw, 500px\" \/><\/a><\/p>\n<p>Neste ano o &#8216;Forr\u00f3 do Vaqueiro&#8217; se estender\u00e1 por quatro dias (21, 22, 23 e 24 de junho), com excelentes atra\u00e7\u00f5es nacionais, estaduais e regionais. <strong><em>Confira programa\u00e7\u00e3o:\u00a0<\/em><\/strong><\/p>\n<p><a href=\"https:\/\/www.sudoestehoje.com.br\/novoportal\/wp-content\/uploads\/2019\/06\/S\u00c3O-JO\u00c3O-2019.jpg\"><img loading=\"lazy\" decoding=\"async\" class=\"aligncenter size-medium wp-image-80142\" src=\"https:\/\/www.sudoestehoje.com.br\/novoportal\/wp-content\/uploads\/2019\/06\/S\u00c3O-JO\u00c3O-2019-500x500.jpg\" alt=\"\" width=\"500\" height=\"500\" srcset=\"https:\/\/www.sudoestehoje.com.br\/novoportal\/wp-content\/uploads\/2019\/06\/S\u00c3O-JO\u00c3O-2019-500x500.jpg 500w, https:\/\/www.sudoestehoje.com.br\/novoportal\/wp-content\/uploads\/2019\/06\/S\u00c3O-JO\u00c3O-2019-150x150.jpg 150w, https:\/\/www.sudoestehoje.com.br\/novoportal\/wp-content\/uploads\/2019\/06\/S\u00c3O-JO\u00c3O-2019-768x768.jpg 768w, https:\/\/www.sudoestehoje.com.br\/novoportal\/wp-content\/uploads\/2019\/06\/S\u00c3O-JO\u00c3O-2019-700x700.jpg 700w, https:\/\/www.sudoestehoje.com.br\/novoportal\/wp-content\/uploads\/2019\/06\/S\u00c3O-JO\u00c3O-2019.jpg 960w\" sizes=\"auto, (max-width: 500px) 100vw, 500px\" \/><\/a><\/p>\n","protected":false},"excerpt":{"rendered":"<p>J\u00e1 teve in\u00edcio a montagem do &#8216;Arrai\u00e1 do Vaqueiro&#8217;, no Parque Poliesportivo da Lagoa, para a tradicional festa de S\u00e3o Jo\u00e3o de Itapetinga, uma das melhores e mais bem estruturadas da Bahia. Apesar de ser uma festa p\u00fablica patrocinada pela prefeitura e alguns colaboradores, o espa\u00e7o da festa vem sendo fechado nas \u00faltimas edi\u00e7\u00f5es, para [&hellip;]<\/p>\n","protected":false},"author":2,"featured_media":80396,"comment_status":"open","ping_status":"open","sticky":false,"template":"","format":"standard","meta":{"footnotes":"","_links_to":"","_links_to_target":""},"categories":[1],"tags":[],"class_list":["post-80395","post","type-post","status-publish","format-standard","has-post-thumbnail","hentry","category-geral"],"views":956,"_links":{"self":[{"href":"https:\/\/www.sudoestehoje.com.br\/novoportal\/wp-json\/wp\/v2\/posts\/80395","targetHints":{"allow":["GET"]}}],"collection":[{"href":"https:\/\/www.sudoestehoje.com.br\/novoportal\/wp-json\/wp\/v2\/posts"}],"about":[{"href":"https:\/\/www.sudoestehoje.com.br\/novoportal\/wp-json\/wp\/v2\/types\/post"}],"author":[{"embeddable":true,"href":"https:\/\/www.sudoestehoje.com.br\/novoportal\/wp-json\/wp\/v2\/users\/2"}],"replies":[{"embeddable":true,"href":"https:\/\/www.sudoestehoje.com.br\/novoportal\/wp-json\/wp\/v2\/comments?post=80395"}],"version-history":[{"count":1,"href":"https:\/\/www.sudoestehoje.com.br\/novoportal\/wp-json\/wp\/v2\/posts\/80395\/revisions"}],"predecessor-version":[{"id":80400,"href":"https:\/\/www.sudoestehoje.com.br\/novoportal\/wp-json\/wp\/v2\/posts\/80395\/revisions\/80400"}],"wp:featuredmedia":[{"embeddable":true,"href":"https:\/\/www.sudoestehoje.com.br\/novoportal\/wp-json\/wp\/v2\/media\/80396"}],"wp:attachment":[{"href":"https:\/\/www.sudoestehoje.com.br\/novoportal\/wp-json\/wp\/v2\/media?parent=80395"}],"wp:term":[{"taxonomy":"category","embeddable":true,"href":"https:\/\/www.sudoestehoje.com.br\/novoportal\/wp-json\/wp\/v2\/categories?post=80395"},{"taxonomy":"post_tag","embeddable":true,"href":"https:\/\/www.sudoestehoje.com.br\/novoportal\/wp-json\/wp\/v2\/tags?post=80395"}],"curies":[{"name":"wp","href":"https:\/\/api.w.org\/{rel}","templated":true}]}}