
{"id":80379,"date":"2019-06-16T12:08:39","date_gmt":"2019-06-16T15:08:39","guid":{"rendered":"https:\/\/www.sudoestehoje.com.br\/novoportal\/?p=80379"},"modified":"2019-06-16T12:08:39","modified_gmt":"2019-06-16T15:08:39","slug":"charles-o-homem-que-fez-a-bahia-queimar-ingressos-da-selecao-na-copa-america","status":"publish","type":"post","link":"https:\/\/www.sudoestehoje.com.br\/novoportal\/2019\/06\/16\/charles-o-homem-que-fez-a-bahia-queimar-ingressos-da-selecao-na-copa-america\/","title":{"rendered":"CHARLES, O HOMEM QUE FEZ A BAHIA QUEIMAR INGRESSOS DA SELE\u00c7\u00c3O NA COPA AM\u00c9RICA"},"content":{"rendered":"<p><a href=\"https:\/\/www.sudoestehoje.com.br\/novoportal\/wp-content\/uploads\/2019\/06\/charles-copa-am\u00e9rica.jpg\"><img loading=\"lazy\" decoding=\"async\" class=\"aligncenter size-medium wp-image-80380\" src=\"https:\/\/www.sudoestehoje.com.br\/novoportal\/wp-content\/uploads\/2019\/06\/charles-copa-am\u00e9rica-500x281.jpg\" alt=\"\" width=\"500\" height=\"281\" srcset=\"https:\/\/www.sudoestehoje.com.br\/novoportal\/wp-content\/uploads\/2019\/06\/charles-copa-am\u00e9rica-500x281.jpg 500w, https:\/\/www.sudoestehoje.com.br\/novoportal\/wp-content\/uploads\/2019\/06\/charles-copa-am\u00e9rica-700x393.jpg 700w, https:\/\/www.sudoestehoje.com.br\/novoportal\/wp-content\/uploads\/2019\/06\/charles-copa-am\u00e9rica.jpg 750w\" sizes=\"auto, (max-width: 500px) 100vw, 500px\" \/><\/a><\/p>\n<p>O povo baiano ainda sentia o frescor do t\u00edtulo brasileiro conquistado pelo Bahia em 1988 quando passou a viver um profundo atrito com a sele\u00e7\u00e3o brasileira no in\u00edcio da \u00faltima Copa Am\u00e9rica disputada no pa\u00eds. A rea\u00e7\u00e3o dos torcedores tinha explica\u00e7\u00e3o: Charles, um dos principais jogadores da campanha vitoriosa do time no campeonato nacional, ficara de fora da lista final do t\u00e9cnico Sebasti\u00e3o Lazaroni.<\/p>\n<p>Charles tinha apenas 20 anos quando ganhou a vaga no time do Bahia. E tudo aconteceu muito r\u00e1pido: em julho de 1989, cinco meses depois de erguer a ta\u00e7a do Brasileir\u00e3o, o atacante j\u00e1 estava convocado para a sele\u00e7\u00e3o brasileira. Com a camisa amarela, marcou dois gols num amistoso contra o Peru em Fortaleza.<\/p>\n<p>Era uma trajet\u00f3ria rumo ao sucesso em ano de Copa Am\u00e9rica no Brasil e a poucos meses da Copa do Mundo da It\u00e1lia&#8230;. &#8211; <strong>Clique e continue lendo em<a href=\"https:\/\/esporte.uol.com.br\/futebol\/ultimas-noticias\/2019\/06\/16\/charles-o-homem-que-fez-a-bahia-queimar-ingresso-de-jogo-da-selecao.htm?fbclid=IwAR2lVPBidFGJwVMPSNvE_iUZ4zzlVWTgLGZVa_7gR7GKlSYIx_KkIh7WMYc&amp;cmpid=copiaecola\"> esporte.uol.com.br<\/a><\/strong><\/p>\n","protected":false},"excerpt":{"rendered":"<p>O povo baiano ainda sentia o frescor do t\u00edtulo brasileiro conquistado pelo Bahia em 1988 quando passou a viver um profundo atrito com a sele\u00e7\u00e3o brasileira no in\u00edcio da \u00faltima Copa Am\u00e9rica disputada no pa\u00eds. A rea\u00e7\u00e3o dos torcedores tinha explica\u00e7\u00e3o: Charles, um dos principais jogadores da campanha vitoriosa do time no campeonato nacional, ficara [&hellip;]<\/p>\n","protected":false},"author":2,"featured_media":80380,"comment_status":"open","ping_status":"open","sticky":false,"template":"","format":"standard","meta":{"footnotes":"","_links_to":"","_links_to_target":""},"categories":[1],"tags":[],"class_list":["post-80379","post","type-post","status-publish","format-standard","has-post-thumbnail","hentry","category-geral"],"views":756,"_links":{"self":[{"href":"https:\/\/www.sudoestehoje.com.br\/novoportal\/wp-json\/wp\/v2\/posts\/80379","targetHints":{"allow":["GET"]}}],"collection":[{"href":"https:\/\/www.sudoestehoje.com.br\/novoportal\/wp-json\/wp\/v2\/posts"}],"about":[{"href":"https:\/\/www.sudoestehoje.com.br\/novoportal\/wp-json\/wp\/v2\/types\/post"}],"author":[{"embeddable":true,"href":"https:\/\/www.sudoestehoje.com.br\/novoportal\/wp-json\/wp\/v2\/users\/2"}],"replies":[{"embeddable":true,"href":"https:\/\/www.sudoestehoje.com.br\/novoportal\/wp-json\/wp\/v2\/comments?post=80379"}],"version-history":[{"count":2,"href":"https:\/\/www.sudoestehoje.com.br\/novoportal\/wp-json\/wp\/v2\/posts\/80379\/revisions"}],"predecessor-version":[{"id":80382,"href":"https:\/\/www.sudoestehoje.com.br\/novoportal\/wp-json\/wp\/v2\/posts\/80379\/revisions\/80382"}],"wp:featuredmedia":[{"embeddable":true,"href":"https:\/\/www.sudoestehoje.com.br\/novoportal\/wp-json\/wp\/v2\/media\/80380"}],"wp:attachment":[{"href":"https:\/\/www.sudoestehoje.com.br\/novoportal\/wp-json\/wp\/v2\/media?parent=80379"}],"wp:term":[{"taxonomy":"category","embeddable":true,"href":"https:\/\/www.sudoestehoje.com.br\/novoportal\/wp-json\/wp\/v2\/categories?post=80379"},{"taxonomy":"post_tag","embeddable":true,"href":"https:\/\/www.sudoestehoje.com.br\/novoportal\/wp-json\/wp\/v2\/tags?post=80379"}],"curies":[{"name":"wp","href":"https:\/\/api.w.org\/{rel}","templated":true}]}}