
{"id":80348,"date":"2019-06-14T20:18:46","date_gmt":"2019-06-14T23:18:46","guid":{"rendered":"https:\/\/www.sudoestehoje.com.br\/novoportal\/?p=80348"},"modified":"2019-06-14T20:18:46","modified_gmt":"2019-06-14T23:18:46","slug":"colisao-entre-carro-e-caminhonete-deixa-seis-feridos-em-vitoria-da-conquista","status":"publish","type":"post","link":"https:\/\/www.sudoestehoje.com.br\/novoportal\/2019\/06\/14\/colisao-entre-carro-e-caminhonete-deixa-seis-feridos-em-vitoria-da-conquista\/","title":{"rendered":"COLIS\u00c3O ENTRE CARRO E CAMINHONETE DEIXA SEIS FERIDOS EM VIT\u00d3RIA DA CONQUISTA"},"content":{"rendered":"<p><a href=\"https:\/\/www.sudoestehoje.com.br\/novoportal\/wp-content\/uploads\/2019\/06\/1-DSC_6313.jpg\"><img loading=\"lazy\" decoding=\"async\" class=\"aligncenter size-medium wp-image-80349\" src=\"https:\/\/www.sudoestehoje.com.br\/novoportal\/wp-content\/uploads\/2019\/06\/1-DSC_6313-500x334.jpg\" alt=\"\" width=\"500\" height=\"334\" srcset=\"https:\/\/www.sudoestehoje.com.br\/novoportal\/wp-content\/uploads\/2019\/06\/1-DSC_6313-500x334.jpg 500w, https:\/\/www.sudoestehoje.com.br\/novoportal\/wp-content\/uploads\/2019\/06\/1-DSC_6313.jpg 600w\" sizes=\"auto, (max-width: 500px) 100vw, 500px\" \/><\/a><\/p>\n<p>Um grave acidente na Avenida Presidente Dutra, trecho do bairro Nossa Senhora Aparecida, Zona Norte de Vit\u00f3ria da Conquista, deixou seis pessoas feridas. O fato aconteceu no final da tarde desta sexta-feira (14) envolvendo carro de passeio e caminhonete.<\/p>\n<p>Os ocupantes do Chevrolet Kadett ficaram presos \u00e0s ferragens sendo removidos numa opera\u00e7\u00e3o entre o 7\u00ba Grupamento de Bombeiros Militar e o Servi\u00e7o de Atendimento M\u00f3vel de Urg\u00eancia (SAMU). Todas as v\u00edtimas foram levadas ao Hospital Geral de Vit\u00f3ria da Conquista.<\/p>\n<p>A Pol\u00edcia Rodovi\u00e1ria Federal e a ViaBahia Rodovias controlaram o tr\u00e2nsito que ficou lento nos dois sentidos da avenida que integra a Rodovia Santos Dumont, a BR-116. As circunst\u00e2ncias do incidente e as condi\u00e7\u00f5es de sa\u00fade dos envolvidos ainda n\u00e3o foram divulgadas pela PRF. \/\/<em>Blog do Anderson<\/em><\/p>\n\n\t\t<style type=\"text\/css\">\n\t\t\t#gallery-1 {\n\t\t\t\tmargin: auto;\n\t\t\t}\n\t\t\t#gallery-1 .gallery-item {\n\t\t\t\tfloat: left;\n\t\t\t\tmargin-top: 10px;\n\t\t\t\ttext-align: center;\n\t\t\t\twidth: 33%;\n\t\t\t}\n\t\t\t#gallery-1 img {\n\t\t\t\tborder: 2px solid #cfcfcf;\n\t\t\t}\n\t\t\t#gallery-1 .gallery-caption {\n\t\t\t\tmargin-left: 0;\n\t\t\t}\n\t\t\t\/* see gallery_shortcode() in wp-includes\/media.php *\/\n\t\t<\/style>\n\t\t<div id='gallery-1' class='gallery galleryid-80348 gallery-columns-3 gallery-size-thumbnail'><dl class='gallery-item'>\n\t\t\t<dt class='gallery-icon landscape'>\n\t\t\t\t<a href='https:\/\/www.sudoestehoje.com.br\/novoportal\/2019\/06\/14\/colisao-entre-carro-e-caminhonete-deixa-seis-feridos-em-vitoria-da-conquista\/colisao-1\/'><img loading=\"lazy\" decoding=\"async\" width=\"150\" height=\"150\" src=\"https:\/\/www.sudoestehoje.com.br\/novoportal\/wp-content\/uploads\/2019\/06\/COLIS\u00c3O-1-150x150.jpg\" class=\"attachment-thumbnail size-thumbnail\" alt=\"\" \/><\/a>\n\t\t\t<\/dt><\/dl><dl class='gallery-item'>\n\t\t\t<dt class='gallery-icon landscape'>\n\t\t\t\t<a href='https:\/\/www.sudoestehoje.com.br\/novoportal\/2019\/06\/14\/colisao-entre-carro-e-caminhonete-deixa-seis-feridos-em-vitoria-da-conquista\/colisao-2\/'><img loading=\"lazy\" decoding=\"async\" width=\"150\" height=\"150\" src=\"https:\/\/www.sudoestehoje.com.br\/novoportal\/wp-content\/uploads\/2019\/06\/COLIS\u00c3O-2-150x150.jpg\" class=\"attachment-thumbnail size-thumbnail\" alt=\"\" \/><\/a>\n\t\t\t<\/dt><\/dl><dl class='gallery-item'>\n\t\t\t<dt class='gallery-icon landscape'>\n\t\t\t\t<a href='https:\/\/www.sudoestehoje.com.br\/novoportal\/2019\/06\/14\/colisao-entre-carro-e-caminhonete-deixa-seis-feridos-em-vitoria-da-conquista\/colisao-3\/'><img loading=\"lazy\" decoding=\"async\" width=\"150\" height=\"150\" src=\"https:\/\/www.sudoestehoje.com.br\/novoportal\/wp-content\/uploads\/2019\/06\/COLIS\u00c3O-3-150x150.jpg\" class=\"attachment-thumbnail size-thumbnail\" alt=\"\" \/><\/a>\n\t\t\t<\/dt><\/dl><br style=\"clear: both\" \/>\n\t\t<\/div>\n\n","protected":false},"excerpt":{"rendered":"<p>Um grave acidente na Avenida Presidente Dutra, trecho do bairro Nossa Senhora Aparecida, Zona Norte de Vit\u00f3ria da Conquista, deixou seis pessoas feridas. O fato aconteceu no final da tarde desta sexta-feira (14) envolvendo carro de passeio e caminhonete. Os ocupantes do Chevrolet Kadett ficaram presos \u00e0s ferragens sendo removidos numa opera\u00e7\u00e3o entre o 7\u00ba [&hellip;]<\/p>\n","protected":false},"author":2,"featured_media":80349,"comment_status":"open","ping_status":"open","sticky":false,"template":"","format":"standard","meta":{"footnotes":"","_links_to":"","_links_to_target":""},"categories":[1],"tags":[],"class_list":["post-80348","post","type-post","status-publish","format-standard","has-post-thumbnail","hentry","category-geral"],"views":694,"_links":{"self":[{"href":"https:\/\/www.sudoestehoje.com.br\/novoportal\/wp-json\/wp\/v2\/posts\/80348","targetHints":{"allow":["GET"]}}],"collection":[{"href":"https:\/\/www.sudoestehoje.com.br\/novoportal\/wp-json\/wp\/v2\/posts"}],"about":[{"href":"https:\/\/www.sudoestehoje.com.br\/novoportal\/wp-json\/wp\/v2\/types\/post"}],"author":[{"embeddable":true,"href":"https:\/\/www.sudoestehoje.com.br\/novoportal\/wp-json\/wp\/v2\/users\/2"}],"replies":[{"embeddable":true,"href":"https:\/\/www.sudoestehoje.com.br\/novoportal\/wp-json\/wp\/v2\/comments?post=80348"}],"version-history":[{"count":1,"href":"https:\/\/www.sudoestehoje.com.br\/novoportal\/wp-json\/wp\/v2\/posts\/80348\/revisions"}],"predecessor-version":[{"id":80353,"href":"https:\/\/www.sudoestehoje.com.br\/novoportal\/wp-json\/wp\/v2\/posts\/80348\/revisions\/80353"}],"wp:featuredmedia":[{"embeddable":true,"href":"https:\/\/www.sudoestehoje.com.br\/novoportal\/wp-json\/wp\/v2\/media\/80349"}],"wp:attachment":[{"href":"https:\/\/www.sudoestehoje.com.br\/novoportal\/wp-json\/wp\/v2\/media?parent=80348"}],"wp:term":[{"taxonomy":"category","embeddable":true,"href":"https:\/\/www.sudoestehoje.com.br\/novoportal\/wp-json\/wp\/v2\/categories?post=80348"},{"taxonomy":"post_tag","embeddable":true,"href":"https:\/\/www.sudoestehoje.com.br\/novoportal\/wp-json\/wp\/v2\/tags?post=80348"}],"curies":[{"name":"wp","href":"https:\/\/api.w.org\/{rel}","templated":true}]}}