
{"id":80342,"date":"2019-06-14T19:47:37","date_gmt":"2019-06-14T22:47:37","guid":{"rendered":"https:\/\/www.sudoestehoje.com.br\/novoportal\/?p=80342"},"modified":"2019-06-14T19:47:37","modified_gmt":"2019-06-14T22:47:37","slug":"justica-absolve-adelio-bispo-por-facada-em-bolsonaro-durante-campanha-eleitoral","status":"publish","type":"post","link":"https:\/\/www.sudoestehoje.com.br\/novoportal\/2019\/06\/14\/justica-absolve-adelio-bispo-por-facada-em-bolsonaro-durante-campanha-eleitoral\/","title":{"rendered":"JUSTI\u00c7A ABSOLVE AD\u00c9LIO BISPO POR FACADA EM BOLSONARO DURANTE CAMPANHA ELEITORAL"},"content":{"rendered":"<p><a href=\"https:\/\/www.sudoestehoje.com.br\/novoportal\/wp-content\/uploads\/2019\/06\/adelio-bolsonaro.jpg\"><img loading=\"lazy\" decoding=\"async\" class=\"aligncenter size-medium wp-image-80343\" src=\"https:\/\/www.sudoestehoje.com.br\/novoportal\/wp-content\/uploads\/2019\/06\/adelio-bolsonaro-500x291.jpg\" alt=\"\" width=\"500\" height=\"291\" srcset=\"https:\/\/www.sudoestehoje.com.br\/novoportal\/wp-content\/uploads\/2019\/06\/adelio-bolsonaro-500x291.jpg 500w, https:\/\/www.sudoestehoje.com.br\/novoportal\/wp-content\/uploads\/2019\/06\/adelio-bolsonaro.jpg 550w\" sizes=\"auto, (max-width: 500px) 100vw, 500px\" \/><\/a><\/p>\n<p>A Justi\u00e7a absolveu Ad\u00e9lio Bispo de Oliveira na a\u00e7\u00e3o penal referente \u00e0 facada no ent\u00e3o candidato \u00e0 Presid\u00eancia, Jair Bolsonaro (PSL). A decis\u00e3o foi tomada nesta sexta-feira (14), pelo juiz federal Bruno Savino, de Juiz de Fora (MG). Ele converteu a pris\u00e3o preventiva em interna\u00e7\u00e3o provis\u00f3ria. Ad\u00e9lio, que foi considerado inimput\u00e1vel, segue detido na Penitenci\u00e1ria Federal de Seguran\u00e7a M\u00e1xima de Campo Grande (MS).<\/p>\n<p>\u201cSendo a inimputabilidade excludente da culpabilidade, a conduta do r\u00e9u, embora t\u00edpica e anti jur\u00eddica, n\u00e3o pode ser punida por n\u00e3o ser juridicamente reprov\u00e1vel, j\u00e1 que o r\u00e9u \u00e9 acometido de doen\u00e7a mental que lhe suprimiu a capacidade de compreender o car\u00e1ter il\u00edcito do fato e de se determinar de acordo com este conhecimento.\u201d, anotou o magistrado.<\/p>\n<p>Conforme o magistrado, o resultado da per\u00edcia apontou que o acusado \u00e9 portador de Transtorno Delirante Persistente. Ele classifica este ponto, ent\u00e3o, como respons\u00e1vel pela conduta criminosa. Na senten\u00e7a, Ad\u00e9lio chegou a ser condenado a 20 anos de pris\u00e3o, no entanto, ficar\u00e1 recolhido em uma unidade de sa\u00fade mental.<\/p>\n","protected":false},"excerpt":{"rendered":"<p>A Justi\u00e7a absolveu Ad\u00e9lio Bispo de Oliveira na a\u00e7\u00e3o penal referente \u00e0 facada no ent\u00e3o candidato \u00e0 Presid\u00eancia, Jair Bolsonaro (PSL). A decis\u00e3o foi tomada nesta sexta-feira (14), pelo juiz federal Bruno Savino, de Juiz de Fora (MG). Ele converteu a pris\u00e3o preventiva em interna\u00e7\u00e3o provis\u00f3ria. Ad\u00e9lio, que foi considerado inimput\u00e1vel, segue detido na Penitenci\u00e1ria [&hellip;]<\/p>\n","protected":false},"author":2,"featured_media":80343,"comment_status":"open","ping_status":"open","sticky":false,"template":"","format":"standard","meta":{"footnotes":"","_links_to":"","_links_to_target":""},"categories":[1],"tags":[],"class_list":["post-80342","post","type-post","status-publish","format-standard","has-post-thumbnail","hentry","category-geral"],"views":760,"_links":{"self":[{"href":"https:\/\/www.sudoestehoje.com.br\/novoportal\/wp-json\/wp\/v2\/posts\/80342","targetHints":{"allow":["GET"]}}],"collection":[{"href":"https:\/\/www.sudoestehoje.com.br\/novoportal\/wp-json\/wp\/v2\/posts"}],"about":[{"href":"https:\/\/www.sudoestehoje.com.br\/novoportal\/wp-json\/wp\/v2\/types\/post"}],"author":[{"embeddable":true,"href":"https:\/\/www.sudoestehoje.com.br\/novoportal\/wp-json\/wp\/v2\/users\/2"}],"replies":[{"embeddable":true,"href":"https:\/\/www.sudoestehoje.com.br\/novoportal\/wp-json\/wp\/v2\/comments?post=80342"}],"version-history":[{"count":1,"href":"https:\/\/www.sudoestehoje.com.br\/novoportal\/wp-json\/wp\/v2\/posts\/80342\/revisions"}],"predecessor-version":[{"id":80344,"href":"https:\/\/www.sudoestehoje.com.br\/novoportal\/wp-json\/wp\/v2\/posts\/80342\/revisions\/80344"}],"wp:featuredmedia":[{"embeddable":true,"href":"https:\/\/www.sudoestehoje.com.br\/novoportal\/wp-json\/wp\/v2\/media\/80343"}],"wp:attachment":[{"href":"https:\/\/www.sudoestehoje.com.br\/novoportal\/wp-json\/wp\/v2\/media?parent=80342"}],"wp:term":[{"taxonomy":"category","embeddable":true,"href":"https:\/\/www.sudoestehoje.com.br\/novoportal\/wp-json\/wp\/v2\/categories?post=80342"},{"taxonomy":"post_tag","embeddable":true,"href":"https:\/\/www.sudoestehoje.com.br\/novoportal\/wp-json\/wp\/v2\/tags?post=80342"}],"curies":[{"name":"wp","href":"https:\/\/api.w.org\/{rel}","templated":true}]}}