
{"id":80338,"date":"2019-06-14T19:32:26","date_gmt":"2019-06-14T22:32:26","guid":{"rendered":"https:\/\/www.sudoestehoje.com.br\/novoportal\/?p=80338"},"modified":"2019-06-14T19:32:26","modified_gmt":"2019-06-14T22:32:26","slug":"vereador-do-pt-ameaca-torcer-para-o-vasco-apos-bolsonaro-vestir-camisa-do-flamengo","status":"publish","type":"post","link":"https:\/\/www.sudoestehoje.com.br\/novoportal\/2019\/06\/14\/vereador-do-pt-ameaca-torcer-para-o-vasco-apos-bolsonaro-vestir-camisa-do-flamengo\/","title":{"rendered":"VEREADOR DO PT AMEA\u00c7A TORCER PARA O VASCO AP\u00d3S BOLSONARO VESTIR CAMISA DO FLAMENGO"},"content":{"rendered":"<p><a href=\"https:\/\/www.sudoestehoje.com.br\/novoportal\/wp-content\/uploads\/2019\/06\/VEREADOR-FLAMENGUISTA.jpg\"><img loading=\"lazy\" decoding=\"async\" class=\"aligncenter  wp-image-80340\" src=\"https:\/\/www.sudoestehoje.com.br\/novoportal\/wp-content\/uploads\/2019\/06\/VEREADOR-FLAMENGUISTA.jpg\" alt=\"\" width=\"500\" height=\"333\" \/><\/a><\/p>\n<p>O vereador Rodrigo Forneck, PT, arrancou gargalhadas dos seus pares na sess\u00e3o da C\u00e2mara de Rio Branco ao repudiar a presen\u00e7a do presidente Bolsonaro (PSL) e o Ministro da Justi\u00e7a, S\u00e9rgio Moro, durante partida entre CSA e Flamengo realizada ontem (12) no est\u00e1dio Man\u00e9 Garrincha, pelo Campeonato Brasileiro.<\/p>\n<p>Tanto Bolsonaro quanto Moro vestiam camisas do Flamengo no in\u00edcio da partida sendo que a de Moro foi dada por um torcedor. Vale lembrar que o ministro \u00e9 torcedor do Athl\u00e9tico-PR. O vice-presidente, Hamilton Mour\u00e3o tamb\u00e9m esteve presente assim como o Ministro da Economia, Paulo Guedes.<\/p>\n<p>A presen\u00e7a do presidente no jogo foi vista como uma oportunidade de aumentar sua popularidade assim do o ministro que vem sendo duramente criticado pelo vazamento de supostas conversas entre o procurador Deltan Dallagnol sobre a Lava Jato.<\/p>\n<p><em>\u201cOntem eu j\u00e1 vi uma estrat\u00e9gia mais barata e batida que qualquer um que est\u00e1 na berlinda ou ringue tentando arrancar popularidade e que vai tirar proveito da popularidade do Flamengo. Senti vergonha da camisa do time que tor\u00e7o ao ver o Bolsonaro fazendo isso. To pensando em mudar para o Vasco ou Botafogo porque sei que ele n\u00e3o vai buscar popularidade em times pequenos\u201d<\/em>, criticou.<\/p>\n","protected":false},"excerpt":{"rendered":"<p>O vereador Rodrigo Forneck, PT, arrancou gargalhadas dos seus pares na sess\u00e3o da C\u00e2mara de Rio Branco ao repudiar a presen\u00e7a do presidente Bolsonaro (PSL) e o Ministro da Justi\u00e7a, S\u00e9rgio Moro, durante partida entre CSA e Flamengo realizada ontem (12) no est\u00e1dio Man\u00e9 Garrincha, pelo Campeonato Brasileiro. Tanto Bolsonaro quanto Moro vestiam camisas do [&hellip;]<\/p>\n","protected":false},"author":2,"featured_media":80340,"comment_status":"open","ping_status":"open","sticky":false,"template":"","format":"standard","meta":{"footnotes":"","_links_to":"","_links_to_target":""},"categories":[1],"tags":[],"class_list":["post-80338","post","type-post","status-publish","format-standard","has-post-thumbnail","hentry","category-geral"],"views":919,"_links":{"self":[{"href":"https:\/\/www.sudoestehoje.com.br\/novoportal\/wp-json\/wp\/v2\/posts\/80338","targetHints":{"allow":["GET"]}}],"collection":[{"href":"https:\/\/www.sudoestehoje.com.br\/novoportal\/wp-json\/wp\/v2\/posts"}],"about":[{"href":"https:\/\/www.sudoestehoje.com.br\/novoportal\/wp-json\/wp\/v2\/types\/post"}],"author":[{"embeddable":true,"href":"https:\/\/www.sudoestehoje.com.br\/novoportal\/wp-json\/wp\/v2\/users\/2"}],"replies":[{"embeddable":true,"href":"https:\/\/www.sudoestehoje.com.br\/novoportal\/wp-json\/wp\/v2\/comments?post=80338"}],"version-history":[{"count":2,"href":"https:\/\/www.sudoestehoje.com.br\/novoportal\/wp-json\/wp\/v2\/posts\/80338\/revisions"}],"predecessor-version":[{"id":80341,"href":"https:\/\/www.sudoestehoje.com.br\/novoportal\/wp-json\/wp\/v2\/posts\/80338\/revisions\/80341"}],"wp:featuredmedia":[{"embeddable":true,"href":"https:\/\/www.sudoestehoje.com.br\/novoportal\/wp-json\/wp\/v2\/media\/80340"}],"wp:attachment":[{"href":"https:\/\/www.sudoestehoje.com.br\/novoportal\/wp-json\/wp\/v2\/media?parent=80338"}],"wp:term":[{"taxonomy":"category","embeddable":true,"href":"https:\/\/www.sudoestehoje.com.br\/novoportal\/wp-json\/wp\/v2\/categories?post=80338"},{"taxonomy":"post_tag","embeddable":true,"href":"https:\/\/www.sudoestehoje.com.br\/novoportal\/wp-json\/wp\/v2\/tags?post=80338"}],"curies":[{"name":"wp","href":"https:\/\/api.w.org\/{rel}","templated":true}]}}