
{"id":80334,"date":"2019-06-14T00:06:33","date_gmt":"2019-06-14T03:06:33","guid":{"rendered":"https:\/\/www.sudoestehoje.com.br\/novoportal\/?p=80334"},"modified":"2019-06-14T00:06:33","modified_gmt":"2019-06-14T03:06:33","slug":"acidente-de-onibus-deixa-27-feridos-em-salvador-idoso-teve-o-braco-amputado","status":"publish","type":"post","link":"https:\/\/www.sudoestehoje.com.br\/novoportal\/2019\/06\/14\/acidente-de-onibus-deixa-27-feridos-em-salvador-idoso-teve-o-braco-amputado\/","title":{"rendered":"ACIDENTE DE \u00d4NIBUS DEIXA 27 FERIDOS EM SALVADOR; IDOSO TEVE O BRA\u00c7O AMPUTADO"},"content":{"rendered":"<p><a href=\"https:\/\/www.sudoestehoje.com.br\/novoportal\/wp-content\/uploads\/2019\/06\/page-550x315.jpg\"><img loading=\"lazy\" decoding=\"async\" class=\"aligncenter size-medium wp-image-80335\" src=\"https:\/\/www.sudoestehoje.com.br\/novoportal\/wp-content\/uploads\/2019\/06\/page-550x315-500x286.jpg\" alt=\"\" width=\"500\" height=\"286\" srcset=\"https:\/\/www.sudoestehoje.com.br\/novoportal\/wp-content\/uploads\/2019\/06\/page-550x315-500x286.jpg 500w, https:\/\/www.sudoestehoje.com.br\/novoportal\/wp-content\/uploads\/2019\/06\/page-550x315.jpg 550w\" sizes=\"auto, (max-width: 500px) 100vw, 500px\" \/><\/a><\/p>\n<p>Um \u00f4nibus caiu de uma ribanceira e tombou nos arredores do Shopping Bela Vista, deixando 27 feridos, nesta noite de quinta-feira (13), por volta das 19:20h.<\/p>\n<p>O coronel Oliveira da Secretaria de Seguran\u00e7a P\u00fablica da Bahia (SSP-BA), informou que dos 27 feridos no acidente, quatro est\u00e3o em estado grave, incluindo uma gr\u00e1vida. Ainda h\u00e1 informa\u00e7\u00f5es que um idoso teve o bra\u00e7o amputado na queda.<\/p>\n<p>De acordo com o Corpo de Bombeiros Militar da Bahia (CBMBA), \u201cforam empregadas quatro ambul\u00e2ncias e duas viaturas de salvamento (para retirar v\u00edtimas presas \u00e0s ferragens), al\u00e9m de viatura do coordenador de opera\u00e7\u00f5es\u201d. Tr\u00eas feridos foram encaminhados para o Hospital Geral Roberto Santos. \/\/<em>Reda\u00e7\u00e3o VN<\/em><\/p>\n<p>https:\/\/www.youtube.com\/watch?time_continue=25&#038;v=N1QVYNO86ok<\/p>\n","protected":false},"excerpt":{"rendered":"<p>Um \u00f4nibus caiu de uma ribanceira e tombou nos arredores do Shopping Bela Vista, deixando 27 feridos, nesta noite de quinta-feira (13), por volta das 19:20h. O coronel Oliveira da Secretaria de Seguran\u00e7a P\u00fablica da Bahia (SSP-BA), informou que dos 27 feridos no acidente, quatro est\u00e3o em estado grave, incluindo uma gr\u00e1vida. Ainda h\u00e1 informa\u00e7\u00f5es [&hellip;]<\/p>\n","protected":false},"author":2,"featured_media":80335,"comment_status":"open","ping_status":"open","sticky":false,"template":"","format":"standard","meta":{"footnotes":"","_links_to":"","_links_to_target":""},"categories":[1],"tags":[],"class_list":["post-80334","post","type-post","status-publish","format-standard","has-post-thumbnail","hentry","category-geral"],"views":840,"_links":{"self":[{"href":"https:\/\/www.sudoestehoje.com.br\/novoportal\/wp-json\/wp\/v2\/posts\/80334","targetHints":{"allow":["GET"]}}],"collection":[{"href":"https:\/\/www.sudoestehoje.com.br\/novoportal\/wp-json\/wp\/v2\/posts"}],"about":[{"href":"https:\/\/www.sudoestehoje.com.br\/novoportal\/wp-json\/wp\/v2\/types\/post"}],"author":[{"embeddable":true,"href":"https:\/\/www.sudoestehoje.com.br\/novoportal\/wp-json\/wp\/v2\/users\/2"}],"replies":[{"embeddable":true,"href":"https:\/\/www.sudoestehoje.com.br\/novoportal\/wp-json\/wp\/v2\/comments?post=80334"}],"version-history":[{"count":2,"href":"https:\/\/www.sudoestehoje.com.br\/novoportal\/wp-json\/wp\/v2\/posts\/80334\/revisions"}],"predecessor-version":[{"id":80337,"href":"https:\/\/www.sudoestehoje.com.br\/novoportal\/wp-json\/wp\/v2\/posts\/80334\/revisions\/80337"}],"wp:featuredmedia":[{"embeddable":true,"href":"https:\/\/www.sudoestehoje.com.br\/novoportal\/wp-json\/wp\/v2\/media\/80335"}],"wp:attachment":[{"href":"https:\/\/www.sudoestehoje.com.br\/novoportal\/wp-json\/wp\/v2\/media?parent=80334"}],"wp:term":[{"taxonomy":"category","embeddable":true,"href":"https:\/\/www.sudoestehoje.com.br\/novoportal\/wp-json\/wp\/v2\/categories?post=80334"},{"taxonomy":"post_tag","embeddable":true,"href":"https:\/\/www.sudoestehoje.com.br\/novoportal\/wp-json\/wp\/v2\/tags?post=80334"}],"curies":[{"name":"wp","href":"https:\/\/api.w.org\/{rel}","templated":true}]}}