
{"id":80326,"date":"2019-06-13T21:17:22","date_gmt":"2019-06-14T00:17:22","guid":{"rendered":"https:\/\/www.sudoestehoje.com.br\/novoportal\/?p=80326"},"modified":"2019-06-13T21:17:22","modified_gmt":"2019-06-14T00:17:22","slug":"por-8-votos-a-3-supremo-criminaliza-homofobia-e-transfobia","status":"publish","type":"post","link":"https:\/\/www.sudoestehoje.com.br\/novoportal\/2019\/06\/13\/por-8-votos-a-3-supremo-criminaliza-homofobia-e-transfobia\/","title":{"rendered":"POR 8 VOTOS A 3, SUPREMO CRIMINALIZA HOMOFOBIA E TRANSFOBIA"},"content":{"rendered":"<p><a href=\"https:\/\/www.sudoestehoje.com.br\/novoportal\/wp-content\/uploads\/2019\/06\/CRIME-HOMOFOBIA.jpg\"><img loading=\"lazy\" decoding=\"async\" class=\"aligncenter size-medium wp-image-80327\" src=\"https:\/\/www.sudoestehoje.com.br\/novoportal\/wp-content\/uploads\/2019\/06\/CRIME-HOMOFOBIA-500x311.jpg\" alt=\"\" width=\"500\" height=\"311\" srcset=\"https:\/\/www.sudoestehoje.com.br\/novoportal\/wp-content\/uploads\/2019\/06\/CRIME-HOMOFOBIA-500x311.jpg 500w, https:\/\/www.sudoestehoje.com.br\/novoportal\/wp-content\/uploads\/2019\/06\/CRIME-HOMOFOBIA-768x478.jpg 768w, https:\/\/www.sudoestehoje.com.br\/novoportal\/wp-content\/uploads\/2019\/06\/CRIME-HOMOFOBIA-700x436.jpg 700w, https:\/\/www.sudoestehoje.com.br\/novoportal\/wp-content\/uploads\/2019\/06\/CRIME-HOMOFOBIA.jpg 940w\" sizes=\"auto, (max-width: 500px) 100vw, 500px\" \/><\/a><\/p>\n<p class=\"bodytext\">O Supremo Tribunal Federal (STF) decidiu nesta quinta-feira (13), por 8 votos a 3, criminalizar a homofobia e a transfobia. Agora as pr\u00e1ticas ser\u00e3o enquadradas dentro do crime de racismo.<\/p>\n<p class=\"bodytext\">De acordo com a decis\u00e3o da corte &#8220;praticar, induzir ou incitar a discrimina\u00e7\u00e3o ou preconceito&#8221; em raz\u00e3o da orienta\u00e7\u00e3o sexual da pessoa poder\u00e1 ser considerado crime com pena de um a tr\u00eas anos, al\u00e9m de multa. Entretanto, se houver divulga\u00e7\u00e3o ampla de ato homof\u00f3bico em meios de comunica\u00e7\u00e3o, como publica\u00e7\u00e3o em rede social, a pena ser\u00e1 de dois a cinco anos, al\u00e9m de multa.<\/p>\n<p class=\"bodytext\">A aplica\u00e7\u00e3o da pena de racismo valer\u00e1 at\u00e9 o Congresso Nacional aprovar uma lei sobre o tema.<\/p>\n<p class=\"bodytext\">Com a decis\u00e3o, o Brasil se tornou o 43\u00ba pa\u00eds a criminalizar a homofobia, segundo o relat\u00f3rio &#8220;Homofobia Patrocinada pelo Estado&#8221;, elaborado pela Associa\u00e7\u00e3o Internacional de L\u00e9sbicas, Gays, Bissexuais, Transexuais e Intersexuais (Ilga). \/\/<em>Correio<\/em><\/p>\n","protected":false},"excerpt":{"rendered":"<p>O Supremo Tribunal Federal (STF) decidiu nesta quinta-feira (13), por 8 votos a 3, criminalizar a homofobia e a transfobia. Agora as pr\u00e1ticas ser\u00e3o enquadradas dentro do crime de racismo. De acordo com a decis\u00e3o da corte &#8220;praticar, induzir ou incitar a discrimina\u00e7\u00e3o ou preconceito&#8221; em raz\u00e3o da orienta\u00e7\u00e3o sexual da pessoa poder\u00e1 ser considerado [&hellip;]<\/p>\n","protected":false},"author":2,"featured_media":80327,"comment_status":"open","ping_status":"open","sticky":false,"template":"","format":"standard","meta":{"footnotes":"","_links_to":"","_links_to_target":""},"categories":[1],"tags":[],"class_list":["post-80326","post","type-post","status-publish","format-standard","has-post-thumbnail","hentry","category-geral"],"views":770,"_links":{"self":[{"href":"https:\/\/www.sudoestehoje.com.br\/novoportal\/wp-json\/wp\/v2\/posts\/80326","targetHints":{"allow":["GET"]}}],"collection":[{"href":"https:\/\/www.sudoestehoje.com.br\/novoportal\/wp-json\/wp\/v2\/posts"}],"about":[{"href":"https:\/\/www.sudoestehoje.com.br\/novoportal\/wp-json\/wp\/v2\/types\/post"}],"author":[{"embeddable":true,"href":"https:\/\/www.sudoestehoje.com.br\/novoportal\/wp-json\/wp\/v2\/users\/2"}],"replies":[{"embeddable":true,"href":"https:\/\/www.sudoestehoje.com.br\/novoportal\/wp-json\/wp\/v2\/comments?post=80326"}],"version-history":[{"count":2,"href":"https:\/\/www.sudoestehoje.com.br\/novoportal\/wp-json\/wp\/v2\/posts\/80326\/revisions"}],"predecessor-version":[{"id":80329,"href":"https:\/\/www.sudoestehoje.com.br\/novoportal\/wp-json\/wp\/v2\/posts\/80326\/revisions\/80329"}],"wp:featuredmedia":[{"embeddable":true,"href":"https:\/\/www.sudoestehoje.com.br\/novoportal\/wp-json\/wp\/v2\/media\/80327"}],"wp:attachment":[{"href":"https:\/\/www.sudoestehoje.com.br\/novoportal\/wp-json\/wp\/v2\/media?parent=80326"}],"wp:term":[{"taxonomy":"category","embeddable":true,"href":"https:\/\/www.sudoestehoje.com.br\/novoportal\/wp-json\/wp\/v2\/categories?post=80326"},{"taxonomy":"post_tag","embeddable":true,"href":"https:\/\/www.sudoestehoje.com.br\/novoportal\/wp-json\/wp\/v2\/tags?post=80326"}],"curies":[{"name":"wp","href":"https:\/\/api.w.org\/{rel}","templated":true}]}}