
{"id":80309,"date":"2019-06-13T14:12:22","date_gmt":"2019-06-13T17:12:22","guid":{"rendered":"https:\/\/www.sudoestehoje.com.br\/novoportal\/?p=80309"},"modified":"2019-06-13T14:13:21","modified_gmt":"2019-06-13T17:13:21","slug":"antonio-brito-participa-do-lancamento-de-linha-de-credito-para-santas-casas-no-palacio-do-planalto","status":"publish","type":"post","link":"https:\/\/www.sudoestehoje.com.br\/novoportal\/2019\/06\/13\/antonio-brito-participa-do-lancamento-de-linha-de-credito-para-santas-casas-no-palacio-do-planalto\/","title":{"rendered":"ANT\u00d4NIO BRITO PARTICIPA DO LAN\u00c7AMENTO DE LINHA DE CR\u00c9DITO PARA SANTAS CASAS NO PAL\u00c1CIO DO PLANALTO"},"content":{"rendered":"<p><a href=\"https:\/\/www.sudoestehoje.com.br\/novoportal\/wp-content\/uploads\/2019\/06\/PLANALTO-1.jpg\"><img loading=\"lazy\" decoding=\"async\" class=\"aligncenter size-medium wp-image-80311\" src=\"https:\/\/www.sudoestehoje.com.br\/novoportal\/wp-content\/uploads\/2019\/06\/PLANALTO-1-500x333.jpg\" alt=\"\" width=\"500\" height=\"333\" srcset=\"https:\/\/www.sudoestehoje.com.br\/novoportal\/wp-content\/uploads\/2019\/06\/PLANALTO-1-500x333.jpg 500w, https:\/\/www.sudoestehoje.com.br\/novoportal\/wp-content\/uploads\/2019\/06\/PLANALTO-1-768x512.jpg 768w, https:\/\/www.sudoestehoje.com.br\/novoportal\/wp-content\/uploads\/2019\/06\/PLANALTO-1-700x467.jpg 700w, https:\/\/www.sudoestehoje.com.br\/novoportal\/wp-content\/uploads\/2019\/06\/PLANALTO-1.jpg 960w\" sizes=\"auto, (max-width: 500px) 100vw, 500px\" \/><\/a><\/p>\n<p>Foi lan\u00e7ada hoje (13), no Pal\u00e1cio do Planalto, a linha de cr\u00e9dito do BNDES e do Minist\u00e9rio da Sa\u00fade, voltada \u00e0s Santas Casas e hospitais filantr\u00f3picos que prestam atendimentos pelo SUS.<\/p>\n<p>Ser\u00e3o disponibilizados R$ 1 bilh\u00e3o ao novo BNDES Sa\u00fade, que contar\u00e1 com dois subprogramas: um voltado \u00e0 implementa\u00e7\u00e3o de melhorias de gest\u00e3o, governan\u00e7a e efici\u00eancia operacional; e outro para implanta\u00e7\u00e3o, amplia\u00e7\u00e3o e moderniza\u00e7\u00e3o.<\/p>\n<p><a href=\"https:\/\/www.sudoestehoje.com.br\/novoportal\/wp-content\/uploads\/2019\/06\/PLANALTO-2.jpg\"><img loading=\"lazy\" decoding=\"async\" class=\"aligncenter size-medium wp-image-80312\" src=\"https:\/\/www.sudoestehoje.com.br\/novoportal\/wp-content\/uploads\/2019\/06\/PLANALTO-2-500x333.jpg\" alt=\"\" width=\"500\" height=\"333\" srcset=\"https:\/\/www.sudoestehoje.com.br\/novoportal\/wp-content\/uploads\/2019\/06\/PLANALTO-2-500x333.jpg 500w, https:\/\/www.sudoestehoje.com.br\/novoportal\/wp-content\/uploads\/2019\/06\/PLANALTO-2-768x512.jpg 768w, https:\/\/www.sudoestehoje.com.br\/novoportal\/wp-content\/uploads\/2019\/06\/PLANALTO-2-700x467.jpg 700w, https:\/\/www.sudoestehoje.com.br\/novoportal\/wp-content\/uploads\/2019\/06\/PLANALTO-2.jpg 960w\" sizes=\"auto, (max-width: 500px) 100vw, 500px\" \/><\/a><\/p>\n<p>Representando a Frente Parlamentar das Santas Casas, o deputado federal Ant\u00f4nio Brito destacou que, apesar da iniciativa trazer um alento para o setor, as institui\u00e7\u00f5es precisam ainda da incrementa\u00e7\u00e3o de novos recursos no SUS.<\/p>\n<p><a href=\"https:\/\/www.sudoestehoje.com.br\/novoportal\/wp-content\/uploads\/2019\/06\/PLANALTO-3.jpg\"><img loading=\"lazy\" decoding=\"async\" class=\"aligncenter size-medium wp-image-80313\" src=\"https:\/\/www.sudoestehoje.com.br\/novoportal\/wp-content\/uploads\/2019\/06\/PLANALTO-3-500x333.jpg\" alt=\"\" width=\"500\" height=\"333\" srcset=\"https:\/\/www.sudoestehoje.com.br\/novoportal\/wp-content\/uploads\/2019\/06\/PLANALTO-3-500x333.jpg 500w, https:\/\/www.sudoestehoje.com.br\/novoportal\/wp-content\/uploads\/2019\/06\/PLANALTO-3-768x511.jpg 768w, https:\/\/www.sudoestehoje.com.br\/novoportal\/wp-content\/uploads\/2019\/06\/PLANALTO-3-700x466.jpg 700w, https:\/\/www.sudoestehoje.com.br\/novoportal\/wp-content\/uploads\/2019\/06\/PLANALTO-3.jpg 934w\" sizes=\"auto, (max-width: 500px) 100vw, 500px\" \/><\/a><\/p>\n<p>O evento contou com a participa\u00e7\u00e3o do presidente da rep\u00fablica Jair Bolsonaro e principais ministros do governo federal,<\/p>\n","protected":false},"excerpt":{"rendered":"<p>Foi lan\u00e7ada hoje (13), no Pal\u00e1cio do Planalto, a linha de cr\u00e9dito do BNDES e do Minist\u00e9rio da Sa\u00fade, voltada \u00e0s Santas Casas e hospitais filantr\u00f3picos que prestam atendimentos pelo SUS. Ser\u00e3o disponibilizados R$ 1 bilh\u00e3o ao novo BNDES Sa\u00fade, que contar\u00e1 com dois subprogramas: um voltado \u00e0 implementa\u00e7\u00e3o de melhorias de gest\u00e3o, governan\u00e7a e [&hellip;]<\/p>\n","protected":false},"author":2,"featured_media":80311,"comment_status":"open","ping_status":"open","sticky":false,"template":"","format":"standard","meta":{"footnotes":"","_links_to":"","_links_to_target":""},"categories":[1],"tags":[],"class_list":["post-80309","post","type-post","status-publish","format-standard","has-post-thumbnail","hentry","category-geral"],"views":705,"_links":{"self":[{"href":"https:\/\/www.sudoestehoje.com.br\/novoportal\/wp-json\/wp\/v2\/posts\/80309","targetHints":{"allow":["GET"]}}],"collection":[{"href":"https:\/\/www.sudoestehoje.com.br\/novoportal\/wp-json\/wp\/v2\/posts"}],"about":[{"href":"https:\/\/www.sudoestehoje.com.br\/novoportal\/wp-json\/wp\/v2\/types\/post"}],"author":[{"embeddable":true,"href":"https:\/\/www.sudoestehoje.com.br\/novoportal\/wp-json\/wp\/v2\/users\/2"}],"replies":[{"embeddable":true,"href":"https:\/\/www.sudoestehoje.com.br\/novoportal\/wp-json\/wp\/v2\/comments?post=80309"}],"version-history":[{"count":4,"href":"https:\/\/www.sudoestehoje.com.br\/novoportal\/wp-json\/wp\/v2\/posts\/80309\/revisions"}],"predecessor-version":[{"id":80316,"href":"https:\/\/www.sudoestehoje.com.br\/novoportal\/wp-json\/wp\/v2\/posts\/80309\/revisions\/80316"}],"wp:featuredmedia":[{"embeddable":true,"href":"https:\/\/www.sudoestehoje.com.br\/novoportal\/wp-json\/wp\/v2\/media\/80311"}],"wp:attachment":[{"href":"https:\/\/www.sudoestehoje.com.br\/novoportal\/wp-json\/wp\/v2\/media?parent=80309"}],"wp:term":[{"taxonomy":"category","embeddable":true,"href":"https:\/\/www.sudoestehoje.com.br\/novoportal\/wp-json\/wp\/v2\/categories?post=80309"},{"taxonomy":"post_tag","embeddable":true,"href":"https:\/\/www.sudoestehoje.com.br\/novoportal\/wp-json\/wp\/v2\/tags?post=80309"}],"curies":[{"name":"wp","href":"https:\/\/api.w.org\/{rel}","templated":true}]}}