
{"id":80295,"date":"2019-06-12T20:37:49","date_gmt":"2019-06-12T23:37:49","guid":{"rendered":"https:\/\/www.sudoestehoje.com.br\/novoportal\/?p=80295"},"modified":"2019-06-12T20:37:49","modified_gmt":"2019-06-12T23:37:49","slug":"professores-da-uesb-uneb-e-uefs-aceitam-proposta-de-rui-e-encerram-greve","status":"publish","type":"post","link":"https:\/\/www.sudoestehoje.com.br\/novoportal\/2019\/06\/12\/professores-da-uesb-uneb-e-uefs-aceitam-proposta-de-rui-e-encerram-greve\/","title":{"rendered":"PROFESSORES DA UESB, UNEB E UEFS ACEITAM PROPOSTA DE RUI E ENCERRAM GREVE"},"content":{"rendered":"<div class=\"mc-column content-text active-extra-styles \" data-block-type=\"unstyled\" data-block-weight=\"43\" data-block-id=\"2\">\n<p data-track-category=\"Link no Texto\" data-track-links=\"\"><a href=\"https:\/\/www.sudoestehoje.com.br\/novoportal\/wp-content\/uploads\/2019\/06\/uneb.jpeg\"><img loading=\"lazy\" decoding=\"async\" class=\"aligncenter size-medium wp-image-80296\" src=\"https:\/\/www.sudoestehoje.com.br\/novoportal\/wp-content\/uploads\/2019\/06\/uneb-500x375.jpeg\" alt=\"\" width=\"500\" height=\"375\" srcset=\"https:\/\/www.sudoestehoje.com.br\/novoportal\/wp-content\/uploads\/2019\/06\/uneb-500x375.jpeg 500w, https:\/\/www.sudoestehoje.com.br\/novoportal\/wp-content\/uploads\/2019\/06\/uneb.jpeg 640w\" sizes=\"auto, (max-width: 500px) 100vw, 500px\" \/><\/a><\/p>\n<p class=\"content-text__container \" data-track-category=\"Link no Texto\" data-track-links=\"\">Os professores da Universidade Estadual da Bahia (Uneb), Universidade Estadual de Feira de Santana (Uefs) e Universidade Estadual do Sudoeste da Bahia (Uesb), em\u00a0<a href=\"https:\/\/g1.globo.com\/ba\/bahia\/noticia\/2019\/04\/09\/professores-de-tres-universidades-estaduais-da-bahia-iniciam-greve-por-tempo-indeterminado.ghtml\">greve h\u00e1 65 dias<\/a>, decidiram encerrar a paralisa\u00e7\u00e3o da categoria, em assembleias realizadas nesta quarta-feira (12), em Salvador.<\/p>\n<\/div>\n<div class=\"wall protected-content\">\n<div class=\"mc-column content-text active-extra-styles \" data-block-type=\"unstyled\" data-block-weight=\"50\" data-block-id=\"3\">\n<p class=\"content-text__container \" data-track-category=\"Link no Texto\" data-track-links=\"\">De acordo com a assessoria de comunica\u00e7\u00e3o dos docentes da Uneb e Uefs, as aulas dever\u00e3o ser retomadas na segunda-feira (17). O calend\u00e1rio de reposi\u00e7\u00e3o de aulas ser\u00e1 definido nos pr\u00f3ximos dias. At\u00e9 por volta das 19h20, a data do retorno das atividades na Uesb ainda n\u00e3o havia sido definido.<\/p>\n<\/div>\n<div class=\"mc-column content-text active-extra-styles \" data-block-type=\"unstyled\" data-block-weight=\"41\" data-block-id=\"4\">\n<p class=\"content-text__container \" data-track-category=\"Link no Texto\" data-track-links=\"\">A Universidade Estadual de Santa Cruz (Uesc) tamb\u00e9m realizou uma assembleia nesta quarta, mas decidiu manter a paralisa\u00e7\u00e3o at\u00e9 que o governo assine um termo de acordo conforme estabelecido no documento acordado entre as partes em reuni\u00e3o na segunda-feira (10).<\/p>\n<\/div>\n<div class=\"mc-column content-text active-extra-styles \" data-block-type=\"unstyled\" data-block-weight=\"62\" data-block-id=\"5\">\n<p class=\"content-text__container \" data-track-category=\"Link no Texto\" data-track-links=\"\">Tanto a assessoria de comunica\u00e7\u00e3o dos docentes da Uneb, quanto a da Uefs informou que, apesar de os professores terem decidido pelo fim da greve, eles permanecem em &#8220;estado de mobiliza\u00e7\u00e3o&#8221; para cobrar itens do governo que ainda n\u00e3o foram acordados. O &#8220;estado de mobiliza\u00e7\u00e3o&#8221; significa que, em caso de diverg\u00eancias nas negocia\u00e7\u00f5es, uma nova paralisa\u00e7\u00e3o pode acontecer a qualquer momento.<\/p>\n<\/div>\n<div class=\"mc-column content-text active-extra-styles \" data-block-type=\"unstyled\" data-block-weight=\"30\" data-block-id=\"6\">\n<p class=\"content-text__container \" data-track-category=\"Link no Texto\" data-track-links=\"\">Na Uneb, entre os pontos ainda sem acordo entre governo e professores est\u00e1 a reivindica\u00e7\u00e3o dos docentes de pagamento de 5,9% de reajuste no sal\u00e1rio base no ano de 2019.<\/p>\n<\/div>\n<\/div>\n","protected":false},"excerpt":{"rendered":"<p>Os professores da Universidade Estadual da Bahia (Uneb), Universidade Estadual de Feira de Santana (Uefs) e Universidade Estadual do Sudoeste da Bahia (Uesb), em\u00a0greve h\u00e1 65 dias, decidiram encerrar a paralisa\u00e7\u00e3o da categoria, em assembleias realizadas nesta quarta-feira (12), em Salvador. De acordo com a assessoria de comunica\u00e7\u00e3o dos docentes da Uneb e Uefs, as [&hellip;]<\/p>\n","protected":false},"author":2,"featured_media":80296,"comment_status":"open","ping_status":"open","sticky":false,"template":"","format":"standard","meta":{"footnotes":"","_links_to":"","_links_to_target":""},"categories":[1],"tags":[],"class_list":["post-80295","post","type-post","status-publish","format-standard","has-post-thumbnail","hentry","category-geral"],"views":680,"_links":{"self":[{"href":"https:\/\/www.sudoestehoje.com.br\/novoportal\/wp-json\/wp\/v2\/posts\/80295","targetHints":{"allow":["GET"]}}],"collection":[{"href":"https:\/\/www.sudoestehoje.com.br\/novoportal\/wp-json\/wp\/v2\/posts"}],"about":[{"href":"https:\/\/www.sudoestehoje.com.br\/novoportal\/wp-json\/wp\/v2\/types\/post"}],"author":[{"embeddable":true,"href":"https:\/\/www.sudoestehoje.com.br\/novoportal\/wp-json\/wp\/v2\/users\/2"}],"replies":[{"embeddable":true,"href":"https:\/\/www.sudoestehoje.com.br\/novoportal\/wp-json\/wp\/v2\/comments?post=80295"}],"version-history":[{"count":1,"href":"https:\/\/www.sudoestehoje.com.br\/novoportal\/wp-json\/wp\/v2\/posts\/80295\/revisions"}],"predecessor-version":[{"id":80297,"href":"https:\/\/www.sudoestehoje.com.br\/novoportal\/wp-json\/wp\/v2\/posts\/80295\/revisions\/80297"}],"wp:featuredmedia":[{"embeddable":true,"href":"https:\/\/www.sudoestehoje.com.br\/novoportal\/wp-json\/wp\/v2\/media\/80296"}],"wp:attachment":[{"href":"https:\/\/www.sudoestehoje.com.br\/novoportal\/wp-json\/wp\/v2\/media?parent=80295"}],"wp:term":[{"taxonomy":"category","embeddable":true,"href":"https:\/\/www.sudoestehoje.com.br\/novoportal\/wp-json\/wp\/v2\/categories?post=80295"},{"taxonomy":"post_tag","embeddable":true,"href":"https:\/\/www.sudoestehoje.com.br\/novoportal\/wp-json\/wp\/v2\/tags?post=80295"}],"curies":[{"name":"wp","href":"https:\/\/api.w.org\/{rel}","templated":true}]}}