
{"id":80262,"date":"2019-06-11T21:58:09","date_gmt":"2019-06-12T00:58:09","guid":{"rendered":"https:\/\/www.sudoestehoje.com.br\/novoportal\/?p=80262"},"modified":"2019-06-11T21:58:09","modified_gmt":"2019-06-12T00:58:09","slug":"itapetinga-gerente-do-trafico-e-preso-com-droga-escondida-na-parede","status":"publish","type":"post","link":"https:\/\/www.sudoestehoje.com.br\/novoportal\/2019\/06\/11\/itapetinga-gerente-do-trafico-e-preso-com-droga-escondida-na-parede\/","title":{"rendered":"ITAPETINGA: GERENTE DO TR\u00c1FICO \u00c9 PRESO COM DROGA ESCONDIDA NA PAREDE"},"content":{"rendered":"<p><a href=\"https:\/\/www.sudoestehoje.com.br\/novoportal\/wp-content\/uploads\/2019\/06\/pris\u00e3o-de-traficante.jpg\"><img loading=\"lazy\" decoding=\"async\" class=\"aligncenter size-full wp-image-80263\" src=\"https:\/\/www.sudoestehoje.com.br\/novoportal\/wp-content\/uploads\/2019\/06\/pris\u00e3o-de-traficante.jpg\" alt=\"\" width=\"480\" height=\"536\" \/><\/a><\/p>\n<p>Equipes da coordenadoria da Pol\u00edcia Civil em Itapetinga prenderam, na tarde desta ter\u00e7a-feira (11), durante a Opera\u00e7\u00e3o S\u00e3o Jo\u00e3o Seguro, um homem acusado de comandar o tr\u00e1fico de drogas no bairro Am\u00e9rico Nogueira. O suspeito Vagno Coelho de Sousa foi detido em flagrante, no bairro Quintas do Morumbi.<\/p>\n<p>Os policiais informaram que apreenderam, na casa usada como boca de fumo, duas balan\u00e7as de precis\u00e3o, sacos pl\u00e1sticos utilizados para embalar drogas e uma quantidade de coca\u00edna pronta para a venda. A droga estava escondida numa parede, em um fundo falso de um interrupto de tomada de energia el\u00e9trica.<\/p>\n<p>Segundo a pol\u00edcia, Vagno Coelho assumiu a distribui\u00e7\u00e3o de drogas no\u00a0bairro Am\u00e9rico Nogueira depois que o irm\u00e3o, Yure Sousa Alves, o \u201cBila\u201d, foi preso. De acordo com a pol\u00edcia, o homem iria vender a droga durante os festejos juninos que ser\u00e3o realizados no Parque Poliesportivo da Lagoa.<\/p>\n","protected":false},"excerpt":{"rendered":"<p>Equipes da coordenadoria da Pol\u00edcia Civil em Itapetinga prenderam, na tarde desta ter\u00e7a-feira (11), durante a Opera\u00e7\u00e3o S\u00e3o Jo\u00e3o Seguro, um homem acusado de comandar o tr\u00e1fico de drogas no bairro Am\u00e9rico Nogueira. O suspeito Vagno Coelho de Sousa foi detido em flagrante, no bairro Quintas do Morumbi. Os policiais informaram que apreenderam, na casa [&hellip;]<\/p>\n","protected":false},"author":2,"featured_media":80263,"comment_status":"open","ping_status":"open","sticky":false,"template":"","format":"standard","meta":{"footnotes":"","_links_to":"","_links_to_target":""},"categories":[1],"tags":[],"class_list":["post-80262","post","type-post","status-publish","format-standard","has-post-thumbnail","hentry","category-geral"],"views":1194,"_links":{"self":[{"href":"https:\/\/www.sudoestehoje.com.br\/novoportal\/wp-json\/wp\/v2\/posts\/80262","targetHints":{"allow":["GET"]}}],"collection":[{"href":"https:\/\/www.sudoestehoje.com.br\/novoportal\/wp-json\/wp\/v2\/posts"}],"about":[{"href":"https:\/\/www.sudoestehoje.com.br\/novoportal\/wp-json\/wp\/v2\/types\/post"}],"author":[{"embeddable":true,"href":"https:\/\/www.sudoestehoje.com.br\/novoportal\/wp-json\/wp\/v2\/users\/2"}],"replies":[{"embeddable":true,"href":"https:\/\/www.sudoestehoje.com.br\/novoportal\/wp-json\/wp\/v2\/comments?post=80262"}],"version-history":[{"count":1,"href":"https:\/\/www.sudoestehoje.com.br\/novoportal\/wp-json\/wp\/v2\/posts\/80262\/revisions"}],"predecessor-version":[{"id":80264,"href":"https:\/\/www.sudoestehoje.com.br\/novoportal\/wp-json\/wp\/v2\/posts\/80262\/revisions\/80264"}],"wp:featuredmedia":[{"embeddable":true,"href":"https:\/\/www.sudoestehoje.com.br\/novoportal\/wp-json\/wp\/v2\/media\/80263"}],"wp:attachment":[{"href":"https:\/\/www.sudoestehoje.com.br\/novoportal\/wp-json\/wp\/v2\/media?parent=80262"}],"wp:term":[{"taxonomy":"category","embeddable":true,"href":"https:\/\/www.sudoestehoje.com.br\/novoportal\/wp-json\/wp\/v2\/categories?post=80262"},{"taxonomy":"post_tag","embeddable":true,"href":"https:\/\/www.sudoestehoje.com.br\/novoportal\/wp-json\/wp\/v2\/tags?post=80262"}],"curies":[{"name":"wp","href":"https:\/\/api.w.org\/{rel}","templated":true}]}}