
{"id":80243,"date":"2019-06-10T21:41:40","date_gmt":"2019-06-11T00:41:40","guid":{"rendered":"https:\/\/www.sudoestehoje.com.br\/novoportal\/?p=80243"},"modified":"2019-06-10T21:49:07","modified_gmt":"2019-06-11T00:49:07","slug":"confirmada-meningite-em-menina-de-2-anos-internada-em-hospital-de-conquista","status":"publish","type":"post","link":"https:\/\/www.sudoestehoje.com.br\/novoportal\/2019\/06\/10\/confirmada-meningite-em-menina-de-2-anos-internada-em-hospital-de-conquista\/","title":{"rendered":"CONFIRMADA MENINGITE EM MENINA DE 2 ANOS INTERNADA EM HOSPITAL DE CONQUISTA"},"content":{"rendered":"<div class=\"mc-column content-text active-extra-styles \" data-block-type=\"unstyled\" data-block-weight=\"49\" data-block-id=\"2\">\n<p data-track-category=\"Link no Texto\" data-track-links=\"\"><a href=\"https:\/\/www.sudoestehoje.com.br\/novoportal\/wp-content\/uploads\/2019\/06\/MENINA-MENINGITE.jpg\"><img loading=\"lazy\" decoding=\"async\" class=\"aligncenter size-medium wp-image-80246\" src=\"https:\/\/www.sudoestehoje.com.br\/novoportal\/wp-content\/uploads\/2019\/06\/MENINA-MENINGITE-500x334.jpg\" alt=\"\" width=\"500\" height=\"334\" srcset=\"https:\/\/www.sudoestehoje.com.br\/novoportal\/wp-content\/uploads\/2019\/06\/MENINA-MENINGITE-500x334.jpg 500w, https:\/\/www.sudoestehoje.com.br\/novoportal\/wp-content\/uploads\/2019\/06\/MENINA-MENINGITE.jpg 640w\" sizes=\"auto, (max-width: 500px) 100vw, 500px\" \/><\/a><\/p>\n<p class=\"content-text__container \" data-track-category=\"Link no Texto\" data-track-links=\"\">Foi confirmado o quadro de meningite na menina de 2 anos que foi\u00a0internada com suspeita da doen\u00e7a na \u00faltima semana, na cidade de Vit\u00f3ria da Conquista, no sudoeste da Bahia. A informa\u00e7\u00e3o foi divulgada ao\u00a0<strong>G1<\/strong>\u00a0pelo Hospital Esa\u00fa Mattos, onde a crian\u00e7a segue nesta segunda-feira (10).<\/p>\n<\/div>\n<div class=\"wall protected-content\">\n<div class=\"mc-column content-text active-extra-styles \" data-block-type=\"unstyled\" data-block-weight=\"34\" data-block-id=\"3\">\n<p class=\"content-text__container \" data-track-category=\"Link no Texto\" data-track-links=\"\">De acordo com a unidade de sa\u00fade, o estado da garota \u00e9 grave. Ela est\u00e1 isolada no pronto atendimento pedi\u00e1trico e aguarda transfer\u00eancia para uma unidade de terapia intensiva (UTI), em outro hospital.<\/p>\n<\/div>\n<div class=\"mc-column content-text active-extra-styles \" data-block-type=\"unstyled\" data-block-weight=\"40\" data-block-id=\"4\">\n<p class=\"content-text__container \" data-track-category=\"Link no Texto\" data-track-links=\"\">Quando a menina foi internada no Hospital Esa\u00fa Mattos, a ala da unidade onde ela est\u00e1 chegou a ter atendimento suspenso para novos pacientes por seguran\u00e7a, mas, ap\u00f3s o isolamento da crian\u00e7a, o funcionamento foi normalizado, segundo o hospital.<\/p>\n<\/div>\n<div data-track-category=\"multicontent\" data-track-action=\"ultimo chunk conteudo\" data-track-noninteraction=\"false\" data-track-scroll=\"view\">\n<div class=\"mc-column content-text active-extra-styles \" data-block-type=\"unstyled\" data-block-weight=\"51\" data-block-id=\"5\">\n<p class=\"content-text__container \" data-track-category=\"Link no Texto\" data-track-links=\"\">De acordo com a unidade de sa\u00fade, a crian\u00e7a \u00e9 de S\u00e3o Paulo e estava de passagem na cidade quando teve um mal-estar e deu entrada no hospital na quinta-feira (6). A meningite \u00e9 contagiosa e pode ser transmitida por meio do contato com got\u00edculas de saliva do indiv\u00edduo contaminado. <em>\/\/G1<\/em><\/p>\n<\/div>\n<\/div>\n<\/div>\n","protected":false},"excerpt":{"rendered":"<p>Foi confirmado o quadro de meningite na menina de 2 anos que foi\u00a0internada com suspeita da doen\u00e7a na \u00faltima semana, na cidade de Vit\u00f3ria da Conquista, no sudoeste da Bahia. A informa\u00e7\u00e3o foi divulgada ao\u00a0G1\u00a0pelo Hospital Esa\u00fa Mattos, onde a crian\u00e7a segue nesta segunda-feira (10). De acordo com a unidade de sa\u00fade, o estado da [&hellip;]<\/p>\n","protected":false},"author":2,"featured_media":80246,"comment_status":"open","ping_status":"open","sticky":false,"template":"","format":"standard","meta":{"footnotes":"","_links_to":"","_links_to_target":""},"categories":[1],"tags":[],"class_list":["post-80243","post","type-post","status-publish","format-standard","has-post-thumbnail","hentry","category-geral"],"views":738,"_links":{"self":[{"href":"https:\/\/www.sudoestehoje.com.br\/novoportal\/wp-json\/wp\/v2\/posts\/80243","targetHints":{"allow":["GET"]}}],"collection":[{"href":"https:\/\/www.sudoestehoje.com.br\/novoportal\/wp-json\/wp\/v2\/posts"}],"about":[{"href":"https:\/\/www.sudoestehoje.com.br\/novoportal\/wp-json\/wp\/v2\/types\/post"}],"author":[{"embeddable":true,"href":"https:\/\/www.sudoestehoje.com.br\/novoportal\/wp-json\/wp\/v2\/users\/2"}],"replies":[{"embeddable":true,"href":"https:\/\/www.sudoestehoje.com.br\/novoportal\/wp-json\/wp\/v2\/comments?post=80243"}],"version-history":[{"count":4,"href":"https:\/\/www.sudoestehoje.com.br\/novoportal\/wp-json\/wp\/v2\/posts\/80243\/revisions"}],"predecessor-version":[{"id":80248,"href":"https:\/\/www.sudoestehoje.com.br\/novoportal\/wp-json\/wp\/v2\/posts\/80243\/revisions\/80248"}],"wp:featuredmedia":[{"embeddable":true,"href":"https:\/\/www.sudoestehoje.com.br\/novoportal\/wp-json\/wp\/v2\/media\/80246"}],"wp:attachment":[{"href":"https:\/\/www.sudoestehoje.com.br\/novoportal\/wp-json\/wp\/v2\/media?parent=80243"}],"wp:term":[{"taxonomy":"category","embeddable":true,"href":"https:\/\/www.sudoestehoje.com.br\/novoportal\/wp-json\/wp\/v2\/categories?post=80243"},{"taxonomy":"post_tag","embeddable":true,"href":"https:\/\/www.sudoestehoje.com.br\/novoportal\/wp-json\/wp\/v2\/tags?post=80243"}],"curies":[{"name":"wp","href":"https:\/\/api.w.org\/{rel}","templated":true}]}}