
{"id":80206,"date":"2019-06-08T21:08:15","date_gmt":"2019-06-09T00:08:15","guid":{"rendered":"https:\/\/www.sudoestehoje.com.br\/novoportal\/?p=80206"},"modified":"2019-06-08T21:08:15","modified_gmt":"2019-06-09T00:08:15","slug":"modelo-que-acusa-neymar-de-estupro-nasceu-em-dario-meira-e-cresceu-em-ibirataia","status":"publish","type":"post","link":"https:\/\/www.sudoestehoje.com.br\/novoportal\/2019\/06\/08\/modelo-que-acusa-neymar-de-estupro-nasceu-em-dario-meira-e-cresceu-em-ibirataia\/","title":{"rendered":"MODELO QUE ACUSA NEYMAR DE ESTUPRO NASCEU EM D\u00c1RIO MEIRA E CRESCEU EM IBIRATAIA"},"content":{"rendered":"<p><a href=\"https:\/\/www.sudoestehoje.com.br\/novoportal\/wp-content\/uploads\/2019\/06\/najila_rep_86f1541768.jpg\"><img loading=\"lazy\" decoding=\"async\" class=\"aligncenter size-medium wp-image-80207\" src=\"https:\/\/www.sudoestehoje.com.br\/novoportal\/wp-content\/uploads\/2019\/06\/najila_rep_86f1541768-500x313.jpg\" alt=\"\" width=\"500\" height=\"313\" \/><\/a><\/p>\n<p>A modelo Najila Trindade Mendes de Souza, 26, que acusa Neymar de agress\u00e3o e estupro nasceu e cresceu na microrregi\u00e3o de Ipia\u00fa. De acordo com informa\u00e7\u00f5es apuradas, a naturalidade da jovem \u00e9 de D\u00e1rio Meira, cidade distante 45km de Ipia\u00fa.<\/p>\n<p>Na conversa compartilhada pelo jogador de futebol no Instagram, Najila afirma que \u00e9 \u201cbaianinha\u201d. Conforme as informa\u00e7\u00f5es verificadas e confirmadas pela nossa reda\u00e7\u00e3o, Najila nasceu em 15 de mar\u00e7o de 1993, sendo registrada em D\u00e1rio Meira, e depois morou por alguns anos tamb\u00e9m na cidade de Ibirataia, de l\u00e1 foi para S\u00e3o Paulo, onde reside atualmente.<\/p>\n<p>A jovem ainda possui parentes na microrregi\u00e3o, inclusive o seu pai e um irm\u00e3o. Ap\u00f3s essa publica\u00e7\u00e3o, o radialista Amarelinho confirmou, em seu programa na r\u00e1dio FM Ubat\u00e3 (Enfoque Geral), que \u00e9 tio de Najila.<\/p>\n<p>Desde o \u00faltimo final de semana que o caso conturbado da modelo com Neymar vem ganhando repercuss\u00e3o no Brasil e no mundo. As acusa\u00e7\u00f5es s\u00e3o investigadas por uma delegacia especializada em S\u00e3o Paulo. \/\/Giro Ipia\u00fa<\/p>\n","protected":false},"excerpt":{"rendered":"<p>A modelo Najila Trindade Mendes de Souza, 26, que acusa Neymar de agress\u00e3o e estupro nasceu e cresceu na microrregi\u00e3o de Ipia\u00fa. De acordo com informa\u00e7\u00f5es apuradas, a naturalidade da jovem \u00e9 de D\u00e1rio Meira, cidade distante 45km de Ipia\u00fa. Na conversa compartilhada pelo jogador de futebol no Instagram, Najila afirma que \u00e9 \u201cbaianinha\u201d. Conforme [&hellip;]<\/p>\n","protected":false},"author":2,"featured_media":80207,"comment_status":"open","ping_status":"open","sticky":false,"template":"","format":"standard","meta":{"footnotes":"","_links_to":"","_links_to_target":""},"categories":[1],"tags":[],"class_list":["post-80206","post","type-post","status-publish","format-standard","has-post-thumbnail","hentry","category-geral"],"views":944,"_links":{"self":[{"href":"https:\/\/www.sudoestehoje.com.br\/novoportal\/wp-json\/wp\/v2\/posts\/80206","targetHints":{"allow":["GET"]}}],"collection":[{"href":"https:\/\/www.sudoestehoje.com.br\/novoportal\/wp-json\/wp\/v2\/posts"}],"about":[{"href":"https:\/\/www.sudoestehoje.com.br\/novoportal\/wp-json\/wp\/v2\/types\/post"}],"author":[{"embeddable":true,"href":"https:\/\/www.sudoestehoje.com.br\/novoportal\/wp-json\/wp\/v2\/users\/2"}],"replies":[{"embeddable":true,"href":"https:\/\/www.sudoestehoje.com.br\/novoportal\/wp-json\/wp\/v2\/comments?post=80206"}],"version-history":[{"count":1,"href":"https:\/\/www.sudoestehoje.com.br\/novoportal\/wp-json\/wp\/v2\/posts\/80206\/revisions"}],"predecessor-version":[{"id":80208,"href":"https:\/\/www.sudoestehoje.com.br\/novoportal\/wp-json\/wp\/v2\/posts\/80206\/revisions\/80208"}],"wp:featuredmedia":[{"embeddable":true,"href":"https:\/\/www.sudoestehoje.com.br\/novoportal\/wp-json\/wp\/v2\/media\/80207"}],"wp:attachment":[{"href":"https:\/\/www.sudoestehoje.com.br\/novoportal\/wp-json\/wp\/v2\/media?parent=80206"}],"wp:term":[{"taxonomy":"category","embeddable":true,"href":"https:\/\/www.sudoestehoje.com.br\/novoportal\/wp-json\/wp\/v2\/categories?post=80206"},{"taxonomy":"post_tag","embeddable":true,"href":"https:\/\/www.sudoestehoje.com.br\/novoportal\/wp-json\/wp\/v2\/tags?post=80206"}],"curies":[{"name":"wp","href":"https:\/\/api.w.org\/{rel}","templated":true}]}}