
{"id":80132,"date":"2019-06-05T22:07:58","date_gmt":"2019-06-06T01:07:58","guid":{"rendered":"https:\/\/www.sudoestehoje.com.br\/novoportal\/?p=80132"},"modified":"2019-06-05T22:07:58","modified_gmt":"2019-06-06T01:07:58","slug":"itapetinga-representantes-do-executivo-participam-do-ii-encontro-da-carne-na-uesb","status":"publish","type":"post","link":"https:\/\/www.sudoestehoje.com.br\/novoportal\/2019\/06\/05\/itapetinga-representantes-do-executivo-participam-do-ii-encontro-da-carne-na-uesb\/","title":{"rendered":"ITAPETINGA: REPRESENTANTES DO EXECUTIVO PARTICIPAM DO II ENCONTRO DA CARNE NA UESB"},"content":{"rendered":"<p><a href=\"https:\/\/www.sudoestehoje.com.br\/novoportal\/wp-content\/uploads\/2019\/06\/car-bahia-1.jpg\"><img loading=\"lazy\" decoding=\"async\" class=\"aligncenter size-medium wp-image-80133\" src=\"https:\/\/www.sudoestehoje.com.br\/novoportal\/wp-content\/uploads\/2019\/06\/car-bahia-1-500x281.jpg\" alt=\"\" width=\"500\" height=\"281\" srcset=\"https:\/\/www.sudoestehoje.com.br\/novoportal\/wp-content\/uploads\/2019\/06\/car-bahia-1-500x281.jpg 500w, https:\/\/www.sudoestehoje.com.br\/novoportal\/wp-content\/uploads\/2019\/06\/car-bahia-1-768x432.jpg 768w, https:\/\/www.sudoestehoje.com.br\/novoportal\/wp-content\/uploads\/2019\/06\/car-bahia-1-700x394.jpg 700w, https:\/\/www.sudoestehoje.com.br\/novoportal\/wp-content\/uploads\/2019\/06\/car-bahia-1.jpg 960w\" sizes=\"auto, (max-width: 500px) 100vw, 500px\" \/><\/a><\/p>\n<p>Na manh\u00e3 desta quarta-feira (5), a UESB foi palco de mais um evento a n\u00edvel estadual, ao dar in\u00edcio ao II CAR BAHIA, II Encontro de Carne da Bahia, com a presen\u00e7a do Secret\u00e1rio da Agricultura do Estado da Bahia, Lucas Teixeira Costa.<\/p>\n<p>De 05 a 07 de junho, com a coordena\u00e7\u00e3o da professora Dra Cristiane Leal, palestrantes com alto n\u00edvel de conhecimentos estar\u00e3o debatendo com pesquisadores, professores, alunos, criadores e representantes de segmentos da sociedade, com objetivo de aprimorar t\u00e9cnicas para execu\u00e7\u00e3o de projetos que visam o desenvolvimento do setor.<\/p>\n<p>O Prefeito Municipal Rodrigo Hagge foi representado no evento pelo chefe de Gabinete Darwin Renan que ressaltou o quanto \u00e9 importante pra o desenvolvimento da cidade a realiza\u00e7\u00e3o de evento de tal magnitude. Ficou evidenciado que o investimento na educa\u00e7\u00e3o \u00e9 imprescind\u00edvel, pois n\u00e3o se d\u00e1 salto de tecnologia sem investir em conhecimento.<\/p>\n<p>Todos os componentes da mesa destacaram a import\u00e2ncia da intera\u00e7\u00e3o da Universidade com os poderes p\u00fablicos municipal e estadual e \u00f3rg\u00e3os ligados \u00e0 pecu\u00e1ria como o sindicato rural de Itapetinga.<\/p>\n<p>Cl\u00e1udio Souza (Coordenador Comutran), Washington Maciel, Isabela Scaldaferri (ASCOM) e Alex Dutra (Diretor do SAAE), estiveram na abertura do Car Bahia, tamb\u00e9m representando o executivo municipal.<\/p>\n<p>&#8220;O Term\u00f4metro da import\u00e2ncia desse evento para o nosso munic\u00edpio \u00e9 a participa\u00e7\u00e3o n\u00e3o s\u00f3 de renomados da pecu\u00e1ria baiana, mas de segmentos e formadores de opini\u00e3o da nossa cidade&#8221;, &#8221; declarou Alex Dutra, diretor do SAAE. &#8220;Isso demonstra que as pessoas est\u00e3o integradas para debater e buscar alternativas para o engrandecimento de Itapetinga&#8221;. concluiu Lek\u00e3o.<\/p>\n\n\t\t<style type=\"text\/css\">\n\t\t\t#gallery-1 {\n\t\t\t\tmargin: auto;\n\t\t\t}\n\t\t\t#gallery-1 .gallery-item {\n\t\t\t\tfloat: left;\n\t\t\t\tmargin-top: 10px;\n\t\t\t\ttext-align: center;\n\t\t\t\twidth: 33%;\n\t\t\t}\n\t\t\t#gallery-1 img {\n\t\t\t\tborder: 2px solid #cfcfcf;\n\t\t\t}\n\t\t\t#gallery-1 .gallery-caption {\n\t\t\t\tmargin-left: 0;\n\t\t\t}\n\t\t\t\/* see gallery_shortcode() in wp-includes\/media.php *\/\n\t\t<\/style>\n\t\t<div id='gallery-1' class='gallery galleryid-80132 gallery-columns-3 gallery-size-thumbnail'><dl class='gallery-item'>\n\t\t\t<dt class='gallery-icon portrait'>\n\t\t\t\t<a href='https:\/\/www.sudoestehoje.com.br\/novoportal\/2019\/06\/05\/itapetinga-representantes-do-executivo-participam-do-ii-encontro-da-carne-na-uesb\/car-bahia-4\/'><img loading=\"lazy\" decoding=\"async\" width=\"150\" height=\"150\" src=\"https:\/\/www.sudoestehoje.com.br\/novoportal\/wp-content\/uploads\/2019\/06\/car-bahia-4-150x150.jpg\" class=\"attachment-thumbnail size-thumbnail\" alt=\"\" \/><\/a>\n\t\t\t<\/dt><\/dl><dl class='gallery-item'>\n\t\t\t<dt class='gallery-icon landscape'>\n\t\t\t\t<a href='https:\/\/www.sudoestehoje.com.br\/novoportal\/2019\/06\/05\/itapetinga-representantes-do-executivo-participam-do-ii-encontro-da-carne-na-uesb\/car-bahia-3\/'><img loading=\"lazy\" decoding=\"async\" width=\"150\" height=\"150\" src=\"https:\/\/www.sudoestehoje.com.br\/novoportal\/wp-content\/uploads\/2019\/06\/car-bahia-3-150x150.jpg\" class=\"attachment-thumbnail size-thumbnail\" alt=\"\" \/><\/a>\n\t\t\t<\/dt><\/dl><dl class='gallery-item'>\n\t\t\t<dt class='gallery-icon landscape'>\n\t\t\t\t<a href='https:\/\/www.sudoestehoje.com.br\/novoportal\/2019\/06\/05\/itapetinga-representantes-do-executivo-participam-do-ii-encontro-da-carne-na-uesb\/car-bahia-2\/'><img loading=\"lazy\" decoding=\"async\" width=\"150\" height=\"150\" src=\"https:\/\/www.sudoestehoje.com.br\/novoportal\/wp-content\/uploads\/2019\/06\/car-bahia-2-150x150.jpg\" class=\"attachment-thumbnail size-thumbnail\" alt=\"\" \/><\/a>\n\t\t\t<\/dt><\/dl><br style=\"clear: both\" \/>\n\t\t<\/div>\n\n","protected":false},"excerpt":{"rendered":"<p>Na manh\u00e3 desta quarta-feira (5), a UESB foi palco de mais um evento a n\u00edvel estadual, ao dar in\u00edcio ao II CAR BAHIA, II Encontro de Carne da Bahia, com a presen\u00e7a do Secret\u00e1rio da Agricultura do Estado da Bahia, Lucas Teixeira Costa. De 05 a 07 de junho, com a coordena\u00e7\u00e3o da professora Dra [&hellip;]<\/p>\n","protected":false},"author":2,"featured_media":80133,"comment_status":"open","ping_status":"open","sticky":false,"template":"","format":"standard","meta":{"footnotes":"","_links_to":"","_links_to_target":""},"categories":[1],"tags":[],"class_list":["post-80132","post","type-post","status-publish","format-standard","has-post-thumbnail","hentry","category-geral"],"views":713,"_links":{"self":[{"href":"https:\/\/www.sudoestehoje.com.br\/novoportal\/wp-json\/wp\/v2\/posts\/80132","targetHints":{"allow":["GET"]}}],"collection":[{"href":"https:\/\/www.sudoestehoje.com.br\/novoportal\/wp-json\/wp\/v2\/posts"}],"about":[{"href":"https:\/\/www.sudoestehoje.com.br\/novoportal\/wp-json\/wp\/v2\/types\/post"}],"author":[{"embeddable":true,"href":"https:\/\/www.sudoestehoje.com.br\/novoportal\/wp-json\/wp\/v2\/users\/2"}],"replies":[{"embeddable":true,"href":"https:\/\/www.sudoestehoje.com.br\/novoportal\/wp-json\/wp\/v2\/comments?post=80132"}],"version-history":[{"count":1,"href":"https:\/\/www.sudoestehoje.com.br\/novoportal\/wp-json\/wp\/v2\/posts\/80132\/revisions"}],"predecessor-version":[{"id":80137,"href":"https:\/\/www.sudoestehoje.com.br\/novoportal\/wp-json\/wp\/v2\/posts\/80132\/revisions\/80137"}],"wp:featuredmedia":[{"embeddable":true,"href":"https:\/\/www.sudoestehoje.com.br\/novoportal\/wp-json\/wp\/v2\/media\/80133"}],"wp:attachment":[{"href":"https:\/\/www.sudoestehoje.com.br\/novoportal\/wp-json\/wp\/v2\/media?parent=80132"}],"wp:term":[{"taxonomy":"category","embeddable":true,"href":"https:\/\/www.sudoestehoje.com.br\/novoportal\/wp-json\/wp\/v2\/categories?post=80132"},{"taxonomy":"post_tag","embeddable":true,"href":"https:\/\/www.sudoestehoje.com.br\/novoportal\/wp-json\/wp\/v2\/tags?post=80132"}],"curies":[{"name":"wp","href":"https:\/\/api.w.org\/{rel}","templated":true}]}}