
{"id":80128,"date":"2019-06-04T22:49:08","date_gmt":"2019-06-05T01:49:08","guid":{"rendered":"https:\/\/www.sudoestehoje.com.br\/novoportal\/?p=80128"},"modified":"2019-06-04T22:49:08","modified_gmt":"2019-06-05T01:49:08","slug":"tse-cassa-prefeita-petista-de-camamu","status":"publish","type":"post","link":"https:\/\/www.sudoestehoje.com.br\/novoportal\/2019\/06\/04\/tse-cassa-prefeita-petista-de-camamu\/","title":{"rendered":"TSE CASSA PREFEITA PETISTA DE CAMAMU"},"content":{"rendered":"<p><a href=\"https:\/\/www.sudoestehoje.com.br\/novoportal\/wp-content\/uploads\/2019\/06\/rosa-e-ion\u00e1.jpg\"><img loading=\"lazy\" decoding=\"async\" class=\"aligncenter size-medium wp-image-80129\" src=\"https:\/\/www.sudoestehoje.com.br\/novoportal\/wp-content\/uploads\/2019\/06\/rosa-e-ion\u00e1-500x333.jpg\" alt=\"\" width=\"500\" height=\"333\" srcset=\"https:\/\/www.sudoestehoje.com.br\/novoportal\/wp-content\/uploads\/2019\/06\/rosa-e-ion\u00e1-500x333.jpg 500w, https:\/\/www.sudoestehoje.com.br\/novoportal\/wp-content\/uploads\/2019\/06\/rosa-e-ion\u00e1-768x512.jpg 768w, https:\/\/www.sudoestehoje.com.br\/novoportal\/wp-content\/uploads\/2019\/06\/rosa-e-ion\u00e1-700x467.jpg 700w, https:\/\/www.sudoestehoje.com.br\/novoportal\/wp-content\/uploads\/2019\/06\/rosa-e-ion\u00e1.jpg 900w\" sizes=\"auto, (max-width: 500px) 100vw, 500px\" \/><\/a><\/p>\n<p>Os mandatos da prefeita e do vice de Camamu, no Baixo Sul da Bahia, foram cassado por decis\u00e3o do TSE, na noite desta ter\u00e7a-feira (4), depois que os ministros\u00a0 decidiram, por 6 votos a 1, indeferir o registro das candidaturas.<\/p>\n<p>A Corte considerou que Ion\u00e1 Queiroz Nascimento (PT) n\u00e3o poderia ter se candidatado nas elei\u00e7\u00f5es de 2016, porque ainda estava ineleg\u00edvel na data do pleito, em virtude de condena\u00e7\u00e3o por abuso de poder econ\u00f4mico na campanha eleitoral de 2008.<\/p>\n<p>O TSE ainda determinou a realiza\u00e7\u00e3o de nova elei\u00e7\u00e3o no munic\u00edpio, a partir da publica\u00e7\u00e3o do ac\u00f3rd\u00e3o. O presidente da c\u00e2mara de vereadores dever\u00e1 assumir o cargo de prefeito at\u00e9 a realiza\u00e7\u00e3o do novo pleito, em data a ser estabelecida pelo TRE-BA.<\/p>\n<p>Nos meios pol\u00edticos, a decis\u00e3o do TSE foi encarada como mais uma derrota pol\u00edtica do &#8220;influente&#8221; deputado petista Rosemberg Pinto, principal aliado da prefeita cassada.<\/p>\n<p><strong><em>Por Davi Ferraz<\/em><\/strong><\/p>\n","protected":false},"excerpt":{"rendered":"<p>Os mandatos da prefeita e do vice de Camamu, no Baixo Sul da Bahia, foram cassado por decis\u00e3o do TSE, na noite desta ter\u00e7a-feira (4), depois que os ministros\u00a0 decidiram, por 6 votos a 1, indeferir o registro das candidaturas. A Corte considerou que Ion\u00e1 Queiroz Nascimento (PT) n\u00e3o poderia ter se candidatado nas elei\u00e7\u00f5es [&hellip;]<\/p>\n","protected":false},"author":2,"featured_media":80129,"comment_status":"open","ping_status":"open","sticky":false,"template":"","format":"standard","meta":{"footnotes":"","_links_to":"","_links_to_target":""},"categories":[1],"tags":[],"class_list":["post-80128","post","type-post","status-publish","format-standard","has-post-thumbnail","hentry","category-geral"],"views":779,"_links":{"self":[{"href":"https:\/\/www.sudoestehoje.com.br\/novoportal\/wp-json\/wp\/v2\/posts\/80128","targetHints":{"allow":["GET"]}}],"collection":[{"href":"https:\/\/www.sudoestehoje.com.br\/novoportal\/wp-json\/wp\/v2\/posts"}],"about":[{"href":"https:\/\/www.sudoestehoje.com.br\/novoportal\/wp-json\/wp\/v2\/types\/post"}],"author":[{"embeddable":true,"href":"https:\/\/www.sudoestehoje.com.br\/novoportal\/wp-json\/wp\/v2\/users\/2"}],"replies":[{"embeddable":true,"href":"https:\/\/www.sudoestehoje.com.br\/novoportal\/wp-json\/wp\/v2\/comments?post=80128"}],"version-history":[{"count":1,"href":"https:\/\/www.sudoestehoje.com.br\/novoportal\/wp-json\/wp\/v2\/posts\/80128\/revisions"}],"predecessor-version":[{"id":80130,"href":"https:\/\/www.sudoestehoje.com.br\/novoportal\/wp-json\/wp\/v2\/posts\/80128\/revisions\/80130"}],"wp:featuredmedia":[{"embeddable":true,"href":"https:\/\/www.sudoestehoje.com.br\/novoportal\/wp-json\/wp\/v2\/media\/80129"}],"wp:attachment":[{"href":"https:\/\/www.sudoestehoje.com.br\/novoportal\/wp-json\/wp\/v2\/media?parent=80128"}],"wp:term":[{"taxonomy":"category","embeddable":true,"href":"https:\/\/www.sudoestehoje.com.br\/novoportal\/wp-json\/wp\/v2\/categories?post=80128"},{"taxonomy":"post_tag","embeddable":true,"href":"https:\/\/www.sudoestehoje.com.br\/novoportal\/wp-json\/wp\/v2\/tags?post=80128"}],"curies":[{"name":"wp","href":"https:\/\/api.w.org\/{rel}","templated":true}]}}