
{"id":80119,"date":"2019-06-04T10:46:05","date_gmt":"2019-06-04T13:46:05","guid":{"rendered":"https:\/\/www.sudoestehoje.com.br\/novoportal\/?p=80119"},"modified":"2019-06-04T10:46:05","modified_gmt":"2019-06-04T13:46:05","slug":"corpo-do-ex-promotor-orlando-sodre-sera-sepultado-em-itapetinga-na-quinta-feira","status":"publish","type":"post","link":"https:\/\/www.sudoestehoje.com.br\/novoportal\/2019\/06\/04\/corpo-do-ex-promotor-orlando-sodre-sera-sepultado-em-itapetinga-na-quinta-feira\/","title":{"rendered":"CORPO DO EX-PROMOTOR ORLANDO SODR\u00c9 SER\u00c1 SEPULTADO EM ITAPETINGA NA QUINTA-FEIRA"},"content":{"rendered":"<p><a href=\"https:\/\/www.sudoestehoje.com.br\/novoportal\/wp-content\/uploads\/2019\/06\/dr-orlando-sodr\u00e9.jpg\"><img loading=\"lazy\" decoding=\"async\" class=\"aligncenter  wp-image-80122\" src=\"https:\/\/www.sudoestehoje.com.br\/novoportal\/wp-content\/uploads\/2019\/06\/dr-orlando-sodr\u00e9.jpg\" alt=\"\" width=\"500\" height=\"323\" \/><\/a><\/p>\n<p>De acordo com informa\u00e7\u00f5es de familiares, o corpo do ex-promotor Dr. Orlando Sodr\u00e9 j\u00e1 est\u00e1 sendo trasladado de Brasilia, onde faleceu aos 92 anos, para Itapetinga, onde dever\u00e1 ser sepultado na pr\u00f3xima quinta-feira (6).<\/p>\n<p>Segundo informa\u00e7\u00f5es colhidas pelo Sudoeste Hoje, o corpo chegar\u00e1 no aeroporto de Ilh\u00e9us na noite desta quarta-feira, seguindo imediatamente para Itapetinga, para ser velado e sepultado no cemit\u00e9rio local.<\/p>\n<p>Dr. Orlando Sodr\u00e9 era morador de Itapetinga h\u00e1 v\u00e1rios anos, onde atuou, na d\u00e9cada de 1960, como Promotor de Justi\u00e7a da Comarca local. Entre 2005 e 2007, atuou com chefe da extinta Defensoria P\u00fablica Municipal.<\/p>\n<p><strong><em>Por Davi Ferraz\u00a0<\/em><\/strong><\/p>\n","protected":false},"excerpt":{"rendered":"<p>De acordo com informa\u00e7\u00f5es de familiares, o corpo do ex-promotor Dr. Orlando Sodr\u00e9 j\u00e1 est\u00e1 sendo trasladado de Brasilia, onde faleceu aos 92 anos, para Itapetinga, onde dever\u00e1 ser sepultado na pr\u00f3xima quinta-feira (6). Segundo informa\u00e7\u00f5es colhidas pelo Sudoeste Hoje, o corpo chegar\u00e1 no aeroporto de Ilh\u00e9us na noite desta quarta-feira, seguindo imediatamente para Itapetinga, [&hellip;]<\/p>\n","protected":false},"author":2,"featured_media":80122,"comment_status":"open","ping_status":"open","sticky":false,"template":"","format":"standard","meta":{"footnotes":"","_links_to":"","_links_to_target":""},"categories":[1],"tags":[],"class_list":["post-80119","post","type-post","status-publish","format-standard","has-post-thumbnail","hentry","category-geral"],"views":820,"_links":{"self":[{"href":"https:\/\/www.sudoestehoje.com.br\/novoportal\/wp-json\/wp\/v2\/posts\/80119","targetHints":{"allow":["GET"]}}],"collection":[{"href":"https:\/\/www.sudoestehoje.com.br\/novoportal\/wp-json\/wp\/v2\/posts"}],"about":[{"href":"https:\/\/www.sudoestehoje.com.br\/novoportal\/wp-json\/wp\/v2\/types\/post"}],"author":[{"embeddable":true,"href":"https:\/\/www.sudoestehoje.com.br\/novoportal\/wp-json\/wp\/v2\/users\/2"}],"replies":[{"embeddable":true,"href":"https:\/\/www.sudoestehoje.com.br\/novoportal\/wp-json\/wp\/v2\/comments?post=80119"}],"version-history":[{"count":4,"href":"https:\/\/www.sudoestehoje.com.br\/novoportal\/wp-json\/wp\/v2\/posts\/80119\/revisions"}],"predecessor-version":[{"id":80124,"href":"https:\/\/www.sudoestehoje.com.br\/novoportal\/wp-json\/wp\/v2\/posts\/80119\/revisions\/80124"}],"wp:featuredmedia":[{"embeddable":true,"href":"https:\/\/www.sudoestehoje.com.br\/novoportal\/wp-json\/wp\/v2\/media\/80122"}],"wp:attachment":[{"href":"https:\/\/www.sudoestehoje.com.br\/novoportal\/wp-json\/wp\/v2\/media?parent=80119"}],"wp:term":[{"taxonomy":"category","embeddable":true,"href":"https:\/\/www.sudoestehoje.com.br\/novoportal\/wp-json\/wp\/v2\/categories?post=80119"},{"taxonomy":"post_tag","embeddable":true,"href":"https:\/\/www.sudoestehoje.com.br\/novoportal\/wp-json\/wp\/v2\/tags?post=80119"}],"curies":[{"name":"wp","href":"https:\/\/api.w.org\/{rel}","templated":true}]}}