
{"id":80113,"date":"2019-06-03T18:27:16","date_gmt":"2019-06-03T21:27:16","guid":{"rendered":"https:\/\/www.sudoestehoje.com.br\/novoportal\/?p=80113"},"modified":"2019-06-03T18:27:16","modified_gmt":"2019-06-03T21:27:16","slug":"prefeitos-defendem-eleicoes-unificadas-economia-seria-de-r-12-bilhoes","status":"publish","type":"post","link":"https:\/\/www.sudoestehoje.com.br\/novoportal\/2019\/06\/03\/prefeitos-defendem-eleicoes-unificadas-economia-seria-de-r-12-bilhoes\/","title":{"rendered":"PREFEITOS DEFENDEM ELEI\u00c7\u00d5ES UNIFICADAS; ECONOMIA SERIA DE R$ 12 BILH\u00d5ES"},"content":{"rendered":"<p><a href=\"https:\/\/www.sudoestehoje.com.br\/novoportal\/wp-content\/uploads\/2019\/06\/upb-1.jpg\"><img loading=\"lazy\" decoding=\"async\" class=\"aligncenter size-medium wp-image-80114\" src=\"https:\/\/www.sudoestehoje.com.br\/novoportal\/wp-content\/uploads\/2019\/06\/upb-1-500x304.jpg\" alt=\"\" width=\"500\" height=\"304\" srcset=\"https:\/\/www.sudoestehoje.com.br\/novoportal\/wp-content\/uploads\/2019\/06\/upb-1-500x304.jpg 500w, https:\/\/www.sudoestehoje.com.br\/novoportal\/wp-content\/uploads\/2019\/06\/upb-1-768x467.jpg 768w, https:\/\/www.sudoestehoje.com.br\/novoportal\/wp-content\/uploads\/2019\/06\/upb-1-700x426.jpg 700w, https:\/\/www.sudoestehoje.com.br\/novoportal\/wp-content\/uploads\/2019\/06\/upb-1.jpg 1141w\" sizes=\"auto, (max-width: 500px) 100vw, 500px\" \/><\/a><\/p>\n<p>Durante a 2\u00aa marcha do Movimento Pr\u00f3 Munic\u00edpio, organizado pela Uni\u00e3o dos Munic\u00edpios da Bahia (UPB), que aconteceu na manh\u00e3 desta segunda-feira (03), no Centro Administrativo da Bahia (CAB), a principal pauta defendida pelas mais de 2 mil pessoas, entre prefeitos, vereadores e deputados estaduais e federais, era a unifica\u00e7\u00e3o da elei\u00e7\u00f5es em todo Brasil.<\/p>\n<p>Segundo o presidente da Uni\u00e3o dos Munic\u00edpios as Bahia (UPB), vice-presidente da Confedera\u00e7\u00e3o Nacional de Munic\u00edpios (CNM) e prefeito de Bom Jesus da Lapa, Eures Ribeiro, a economia seria o principal motivo para a aprova\u00e7\u00e3o da medida.<\/p>\n<p>\u201cO custo de uma elei\u00e7\u00e3o municipal est\u00e1 em torno de R$12 bilh\u00f5es, sendo que 80% desse valor \u00e9 dinheiro p\u00fablico. Ano passado tivemos elei\u00e7\u00f5es e no ano que vem vamos ter de novo. Os munic\u00edpios encaminharam para as c\u00e2maras de vereadores e aprovaram o plano plurianual em 2017 e, agora em 2019, s\u00e3o os estados e a uni\u00e3o est\u00e3o encaminhando e votando seus planos plurianuais, ou seja, os or\u00e7amentos n\u00e3o se conversam\u201d, disse Eures.<\/p>\n","protected":false},"excerpt":{"rendered":"<p>Durante a 2\u00aa marcha do Movimento Pr\u00f3 Munic\u00edpio, organizado pela Uni\u00e3o dos Munic\u00edpios da Bahia (UPB), que aconteceu na manh\u00e3 desta segunda-feira (03), no Centro Administrativo da Bahia (CAB), a principal pauta defendida pelas mais de 2 mil pessoas, entre prefeitos, vereadores e deputados estaduais e federais, era a unifica\u00e7\u00e3o da elei\u00e7\u00f5es em todo Brasil. [&hellip;]<\/p>\n","protected":false},"author":2,"featured_media":80114,"comment_status":"open","ping_status":"open","sticky":false,"template":"","format":"standard","meta":{"footnotes":"","_links_to":"","_links_to_target":""},"categories":[1],"tags":[],"class_list":["post-80113","post","type-post","status-publish","format-standard","has-post-thumbnail","hentry","category-geral"],"views":685,"_links":{"self":[{"href":"https:\/\/www.sudoestehoje.com.br\/novoportal\/wp-json\/wp\/v2\/posts\/80113","targetHints":{"allow":["GET"]}}],"collection":[{"href":"https:\/\/www.sudoestehoje.com.br\/novoportal\/wp-json\/wp\/v2\/posts"}],"about":[{"href":"https:\/\/www.sudoestehoje.com.br\/novoportal\/wp-json\/wp\/v2\/types\/post"}],"author":[{"embeddable":true,"href":"https:\/\/www.sudoestehoje.com.br\/novoportal\/wp-json\/wp\/v2\/users\/2"}],"replies":[{"embeddable":true,"href":"https:\/\/www.sudoestehoje.com.br\/novoportal\/wp-json\/wp\/v2\/comments?post=80113"}],"version-history":[{"count":1,"href":"https:\/\/www.sudoestehoje.com.br\/novoportal\/wp-json\/wp\/v2\/posts\/80113\/revisions"}],"predecessor-version":[{"id":80115,"href":"https:\/\/www.sudoestehoje.com.br\/novoportal\/wp-json\/wp\/v2\/posts\/80113\/revisions\/80115"}],"wp:featuredmedia":[{"embeddable":true,"href":"https:\/\/www.sudoestehoje.com.br\/novoportal\/wp-json\/wp\/v2\/media\/80114"}],"wp:attachment":[{"href":"https:\/\/www.sudoestehoje.com.br\/novoportal\/wp-json\/wp\/v2\/media?parent=80113"}],"wp:term":[{"taxonomy":"category","embeddable":true,"href":"https:\/\/www.sudoestehoje.com.br\/novoportal\/wp-json\/wp\/v2\/categories?post=80113"},{"taxonomy":"post_tag","embeddable":true,"href":"https:\/\/www.sudoestehoje.com.br\/novoportal\/wp-json\/wp\/v2\/tags?post=80113"}],"curies":[{"name":"wp","href":"https:\/\/api.w.org\/{rel}","templated":true}]}}