
{"id":80106,"date":"2019-06-03T11:00:29","date_gmt":"2019-06-03T14:00:29","guid":{"rendered":"https:\/\/www.sudoestehoje.com.br\/novoportal\/?p=80106"},"modified":"2019-06-03T11:00:29","modified_gmt":"2019-06-03T14:00:29","slug":"itabuna-greve-dos-rodoviarios-deixa-populacao-sem-onibus-nesta-segunda-2","status":"publish","type":"post","link":"https:\/\/www.sudoestehoje.com.br\/novoportal\/2019\/06\/03\/itabuna-greve-dos-rodoviarios-deixa-populacao-sem-onibus-nesta-segunda-2\/","title":{"rendered":"ITABUNA: GREVE DOS RODOVI\u00c1RIOS DEIXA POPULA\u00c7\u00c3O SEM \u00d4NIBUS NESTA SEGUNDA"},"content":{"rendered":"<p><a href=\"https:\/\/www.sudoestehoje.com.br\/novoportal\/wp-content\/uploads\/2019\/06\/\u00f4nibus-IT.jpg\"><img loading=\"lazy\" decoding=\"async\" class=\"aligncenter size-medium wp-image-80100\" src=\"https:\/\/www.sudoestehoje.com.br\/novoportal\/wp-content\/uploads\/2019\/06\/\u00f4nibus-IT-500x291.jpg\" alt=\"\" width=\"500\" height=\"291\" srcset=\"https:\/\/www.sudoestehoje.com.br\/novoportal\/wp-content\/uploads\/2019\/06\/\u00f4nibus-IT-500x291.jpg 500w, https:\/\/www.sudoestehoje.com.br\/novoportal\/wp-content\/uploads\/2019\/06\/\u00f4nibus-IT.jpg 640w\" sizes=\"auto, (max-width: 500px) 100vw, 500px\" \/><\/a><\/p>\n<p>Itabuna, no sul baiano, amanheceu sem \u00f4nibus coletivos nesta segunda-feira (3). Rodovi\u00e1rios do munic\u00edpio decretaram greve. Com isso, o sindicato da categoria informou que s\u00f3 apenas 30% da frota devem sair dos p\u00e1tios para atender a popula\u00e7\u00e3o. No entanto, moradores se queixaram da falta do transporte, como informou a TV Santa Cruz.<\/p>\n<p>Os rodovi\u00e1rios pedem reajuste de 5% nos sal\u00e1rios e 9% no t\u00edquete alimenta\u00e7\u00e3o. Antes, pediram 9% dos sal\u00e1rios e 15% nos t\u00edquetes.<\/p>\n<p>Em Itabuna, 92 \u00f4nibus operam o servi\u00e7o, com cerca de 440 motoristas e cobradores. Ainda segundo a emissora, com a falta de \u00f4nibus, carros clandestinos s\u00e3o vistos nesta segunda fazendo o servi\u00e7o de transporte.<\/p>\n","protected":false},"excerpt":{"rendered":"<p>Itabuna, no sul baiano, amanheceu sem \u00f4nibus coletivos nesta segunda-feira (3). Rodovi\u00e1rios do munic\u00edpio decretaram greve. Com isso, o sindicato da categoria informou que s\u00f3 apenas 30% da frota devem sair dos p\u00e1tios para atender a popula\u00e7\u00e3o. No entanto, moradores se queixaram da falta do transporte, como informou a TV Santa Cruz. Os rodovi\u00e1rios pedem [&hellip;]<\/p>\n","protected":false},"author":2,"featured_media":80100,"comment_status":"open","ping_status":"open","sticky":false,"template":"","format":"standard","meta":{"footnotes":"","_links_to":"","_links_to_target":""},"categories":[1],"tags":[],"class_list":["post-80106","post","type-post","status-publish","format-standard","has-post-thumbnail","hentry","category-geral"],"views":726,"_links":{"self":[{"href":"https:\/\/www.sudoestehoje.com.br\/novoportal\/wp-json\/wp\/v2\/posts\/80106","targetHints":{"allow":["GET"]}}],"collection":[{"href":"https:\/\/www.sudoestehoje.com.br\/novoportal\/wp-json\/wp\/v2\/posts"}],"about":[{"href":"https:\/\/www.sudoestehoje.com.br\/novoportal\/wp-json\/wp\/v2\/types\/post"}],"author":[{"embeddable":true,"href":"https:\/\/www.sudoestehoje.com.br\/novoportal\/wp-json\/wp\/v2\/users\/2"}],"replies":[{"embeddable":true,"href":"https:\/\/www.sudoestehoje.com.br\/novoportal\/wp-json\/wp\/v2\/comments?post=80106"}],"version-history":[{"count":1,"href":"https:\/\/www.sudoestehoje.com.br\/novoportal\/wp-json\/wp\/v2\/posts\/80106\/revisions"}],"predecessor-version":[{"id":80107,"href":"https:\/\/www.sudoestehoje.com.br\/novoportal\/wp-json\/wp\/v2\/posts\/80106\/revisions\/80107"}],"wp:featuredmedia":[{"embeddable":true,"href":"https:\/\/www.sudoestehoje.com.br\/novoportal\/wp-json\/wp\/v2\/media\/80100"}],"wp:attachment":[{"href":"https:\/\/www.sudoestehoje.com.br\/novoportal\/wp-json\/wp\/v2\/media?parent=80106"}],"wp:term":[{"taxonomy":"category","embeddable":true,"href":"https:\/\/www.sudoestehoje.com.br\/novoportal\/wp-json\/wp\/v2\/categories?post=80106"},{"taxonomy":"post_tag","embeddable":true,"href":"https:\/\/www.sudoestehoje.com.br\/novoportal\/wp-json\/wp\/v2\/tags?post=80106"}],"curies":[{"name":"wp","href":"https:\/\/api.w.org\/{rel}","templated":true}]}}