
{"id":80103,"date":"2019-06-03T10:21:52","date_gmt":"2019-06-03T13:21:52","guid":{"rendered":"https:\/\/www.sudoestehoje.com.br\/novoportal\/?p=80103"},"modified":"2019-06-03T10:21:52","modified_gmt":"2019-06-03T13:21:52","slug":"acm-neto-diz-acreditar-que-postura-do-governo-pode-derrubar-bolsonato","status":"publish","type":"post","link":"https:\/\/www.sudoestehoje.com.br\/novoportal\/2019\/06\/03\/acm-neto-diz-acreditar-que-postura-do-governo-pode-derrubar-bolsonato\/","title":{"rendered":"ACM NETO DIZ ACREDITAR QUE POSTURA DO GOVERNO PODE DERRUBAR BOLSONATO"},"content":{"rendered":"<p><a href=\"https:\/\/www.sudoestehoje.com.br\/novoportal\/wp-content\/uploads\/2019\/06\/bolsonaro-acmneto.jpg\"><img loading=\"lazy\" decoding=\"async\" class=\"aligncenter size-medium wp-image-80104\" src=\"https:\/\/www.sudoestehoje.com.br\/novoportal\/wp-content\/uploads\/2019\/06\/bolsonaro-acmneto-500x350.jpg\" alt=\"\" width=\"500\" height=\"350\" srcset=\"https:\/\/www.sudoestehoje.com.br\/novoportal\/wp-content\/uploads\/2019\/06\/bolsonaro-acmneto-500x350.jpg 500w, https:\/\/www.sudoestehoje.com.br\/novoportal\/wp-content\/uploads\/2019\/06\/bolsonaro-acmneto.jpg 600w\" sizes=\"auto, (max-width: 500px) 100vw, 500px\" \/><\/a><\/p>\n<p>O prefeito de Salvador e presidente nacional do DEM, ACM Neto, avalia que, se o governo atual n\u00e3o mudar de postura, haver\u00e1 o impeachment de Bolsonaro ou um golpe, com o fechamento do Congresso. A informa\u00e7\u00e3o \u00e9 da coluna de Lauro Jardim, do jornal O GLOBO.<\/p>\n<p>Hoje, a previs\u00e3o de Neto balan\u00e7a entre o alarmismo e a irresponsabilidade.<\/p>\n<p>Ainda de acordo com a coluna, o ministro da Casa Civil, Onyx Lorenzoni (DEM), prometeu que vai tentar acalmar os \u00e2nimos do presidente e convenc\u00ea-lo a parar de \u201cmaltratar\u201d a classe pol\u00edtica. O presidente da C\u00e2mara, Rodrigo Maia (DEM), j\u00e1 perdeu as esperan\u00e7as em uma mudan\u00e7a de postura.<\/p>\n","protected":false},"excerpt":{"rendered":"<p>O prefeito de Salvador e presidente nacional do DEM, ACM Neto, avalia que, se o governo atual n\u00e3o mudar de postura, haver\u00e1 o impeachment de Bolsonaro ou um golpe, com o fechamento do Congresso. A informa\u00e7\u00e3o \u00e9 da coluna de Lauro Jardim, do jornal O GLOBO. Hoje, a previs\u00e3o de Neto balan\u00e7a entre o alarmismo [&hellip;]<\/p>\n","protected":false},"author":2,"featured_media":80104,"comment_status":"open","ping_status":"open","sticky":false,"template":"","format":"standard","meta":{"footnotes":"","_links_to":"","_links_to_target":""},"categories":[1],"tags":[],"class_list":["post-80103","post","type-post","status-publish","format-standard","has-post-thumbnail","hentry","category-geral"],"views":707,"_links":{"self":[{"href":"https:\/\/www.sudoestehoje.com.br\/novoportal\/wp-json\/wp\/v2\/posts\/80103","targetHints":{"allow":["GET"]}}],"collection":[{"href":"https:\/\/www.sudoestehoje.com.br\/novoportal\/wp-json\/wp\/v2\/posts"}],"about":[{"href":"https:\/\/www.sudoestehoje.com.br\/novoportal\/wp-json\/wp\/v2\/types\/post"}],"author":[{"embeddable":true,"href":"https:\/\/www.sudoestehoje.com.br\/novoportal\/wp-json\/wp\/v2\/users\/2"}],"replies":[{"embeddable":true,"href":"https:\/\/www.sudoestehoje.com.br\/novoportal\/wp-json\/wp\/v2\/comments?post=80103"}],"version-history":[{"count":1,"href":"https:\/\/www.sudoestehoje.com.br\/novoportal\/wp-json\/wp\/v2\/posts\/80103\/revisions"}],"predecessor-version":[{"id":80105,"href":"https:\/\/www.sudoestehoje.com.br\/novoportal\/wp-json\/wp\/v2\/posts\/80103\/revisions\/80105"}],"wp:featuredmedia":[{"embeddable":true,"href":"https:\/\/www.sudoestehoje.com.br\/novoportal\/wp-json\/wp\/v2\/media\/80104"}],"wp:attachment":[{"href":"https:\/\/www.sudoestehoje.com.br\/novoportal\/wp-json\/wp\/v2\/media?parent=80103"}],"wp:term":[{"taxonomy":"category","embeddable":true,"href":"https:\/\/www.sudoestehoje.com.br\/novoportal\/wp-json\/wp\/v2\/categories?post=80103"},{"taxonomy":"post_tag","embeddable":true,"href":"https:\/\/www.sudoestehoje.com.br\/novoportal\/wp-json\/wp\/v2\/tags?post=80103"}],"curies":[{"name":"wp","href":"https:\/\/api.w.org\/{rel}","templated":true}]}}