
{"id":80086,"date":"2019-06-01T22:59:24","date_gmt":"2019-06-02T01:59:24","guid":{"rendered":"https:\/\/www.sudoestehoje.com.br\/novoportal\/?p=80086"},"modified":"2019-06-01T22:59:24","modified_gmt":"2019-06-02T01:59:24","slug":"mais-um-acidente-entre-itapetinga-e-itambe-deixa-dois-mortos-neste-sabado","status":"publish","type":"post","link":"https:\/\/www.sudoestehoje.com.br\/novoportal\/2019\/06\/01\/mais-um-acidente-entre-itapetinga-e-itambe-deixa-dois-mortos-neste-sabado\/","title":{"rendered":"MAIS UM ACIDENTE ENTRE ITAPETINGA E ITAMB\u00c9 DEIXA DOIS MORTOS NESTE S\u00c1BADO"},"content":{"rendered":"<p><a href=\"https:\/\/www.sudoestehoje.com.br\/novoportal\/wp-content\/uploads\/2019\/06\/AC-ITAM.jpg\"><img loading=\"lazy\" decoding=\"async\" class=\"aligncenter size-medium wp-image-80088\" src=\"https:\/\/www.sudoestehoje.com.br\/novoportal\/wp-content\/uploads\/2019\/06\/AC-ITAM-500x375.jpg\" alt=\"\" width=\"500\" height=\"375\" srcset=\"https:\/\/www.sudoestehoje.com.br\/novoportal\/wp-content\/uploads\/2019\/06\/AC-ITAM-500x375.jpg 500w, https:\/\/www.sudoestehoje.com.br\/novoportal\/wp-content\/uploads\/2019\/06\/AC-ITAM.jpg 640w\" sizes=\"auto, (max-width: 500px) 100vw, 500px\" \/><\/a><\/p>\n<p>No in\u00edcio da noite deste s\u00e1bado (1), mais um acidente grave, com v\u00edtimas fatais, foi registrado entre os munic\u00edpios de Itapetinga e Itamb\u00e9, na BA-263.<\/p>\n<p>De acordo com as primeiras avalia\u00e7\u00f5es da PRE, tudo que o condutor do carro de passeio teria perdido o controle da dire\u00e7\u00e3o, colidindo com uma carreta e um micro-\u00f4nibus.<\/p>\n<p>\u00c1udios que circulam nas redes sociais relatam que duas pessoas ainda n\u00e3o identificadas morreram no local e uma terceira vitima sofreu v\u00e1rios ferimentos graves.<\/p>\n<p>As primeiras informa\u00e7\u00f5es d\u00e3o conta de que as v\u00edtimas seriam moradores de Itamb\u00e9, mas os nomes ainda n\u00e3o foram divulgados. \/\/<em>Itapetinga 24 Horas<\/em><\/p>\n","protected":false},"excerpt":{"rendered":"<p>No in\u00edcio da noite deste s\u00e1bado (1), mais um acidente grave, com v\u00edtimas fatais, foi registrado entre os munic\u00edpios de Itapetinga e Itamb\u00e9, na BA-263. De acordo com as primeiras avalia\u00e7\u00f5es da PRE, tudo que o condutor do carro de passeio teria perdido o controle da dire\u00e7\u00e3o, colidindo com uma carreta e um micro-\u00f4nibus. \u00c1udios [&hellip;]<\/p>\n","protected":false},"author":2,"featured_media":80088,"comment_status":"open","ping_status":"open","sticky":false,"template":"","format":"standard","meta":{"footnotes":"","_links_to":"","_links_to_target":""},"categories":[1],"tags":[],"class_list":["post-80086","post","type-post","status-publish","format-standard","has-post-thumbnail","hentry","category-geral"],"views":1054,"_links":{"self":[{"href":"https:\/\/www.sudoestehoje.com.br\/novoportal\/wp-json\/wp\/v2\/posts\/80086","targetHints":{"allow":["GET"]}}],"collection":[{"href":"https:\/\/www.sudoestehoje.com.br\/novoportal\/wp-json\/wp\/v2\/posts"}],"about":[{"href":"https:\/\/www.sudoestehoje.com.br\/novoportal\/wp-json\/wp\/v2\/types\/post"}],"author":[{"embeddable":true,"href":"https:\/\/www.sudoestehoje.com.br\/novoportal\/wp-json\/wp\/v2\/users\/2"}],"replies":[{"embeddable":true,"href":"https:\/\/www.sudoestehoje.com.br\/novoportal\/wp-json\/wp\/v2\/comments?post=80086"}],"version-history":[{"count":2,"href":"https:\/\/www.sudoestehoje.com.br\/novoportal\/wp-json\/wp\/v2\/posts\/80086\/revisions"}],"predecessor-version":[{"id":80089,"href":"https:\/\/www.sudoestehoje.com.br\/novoportal\/wp-json\/wp\/v2\/posts\/80086\/revisions\/80089"}],"wp:featuredmedia":[{"embeddable":true,"href":"https:\/\/www.sudoestehoje.com.br\/novoportal\/wp-json\/wp\/v2\/media\/80088"}],"wp:attachment":[{"href":"https:\/\/www.sudoestehoje.com.br\/novoportal\/wp-json\/wp\/v2\/media?parent=80086"}],"wp:term":[{"taxonomy":"category","embeddable":true,"href":"https:\/\/www.sudoestehoje.com.br\/novoportal\/wp-json\/wp\/v2\/categories?post=80086"},{"taxonomy":"post_tag","embeddable":true,"href":"https:\/\/www.sudoestehoje.com.br\/novoportal\/wp-json\/wp\/v2\/tags?post=80086"}],"curies":[{"name":"wp","href":"https:\/\/api.w.org\/{rel}","templated":true}]}}