
{"id":80071,"date":"2019-06-01T19:22:57","date_gmt":"2019-06-01T22:22:57","guid":{"rendered":"https:\/\/www.sudoestehoje.com.br\/novoportal\/?p=80071"},"modified":"2019-06-01T19:22:57","modified_gmt":"2019-06-01T22:22:57","slug":"itapetinga-acesso-da-ba-263-pelo-pedra-branca-ja-esta-asfaltado","status":"publish","type":"post","link":"https:\/\/www.sudoestehoje.com.br\/novoportal\/2019\/06\/01\/itapetinga-acesso-da-ba-263-pelo-pedra-branca-ja-esta-asfaltado\/","title":{"rendered":"ITAPETINGA: ACESSO DA BA-263 PELO PEDRA BRANCA J\u00c1 EST\u00c1 ASFALTADO"},"content":{"rendered":"<p><a href=\"https:\/\/www.sudoestehoje.com.br\/novoportal\/wp-content\/uploads\/2019\/06\/acesso-pedra-branca.jpg\"><img loading=\"lazy\" decoding=\"async\" class=\"aligncenter size-medium wp-image-80072\" src=\"https:\/\/www.sudoestehoje.com.br\/novoportal\/wp-content\/uploads\/2019\/06\/acesso-pedra-branca-500x286.jpg\" alt=\"\" width=\"500\" height=\"286\" srcset=\"https:\/\/www.sudoestehoje.com.br\/novoportal\/wp-content\/uploads\/2019\/06\/acesso-pedra-branca-500x286.jpg 500w, https:\/\/www.sudoestehoje.com.br\/novoportal\/wp-content\/uploads\/2019\/06\/acesso-pedra-branca-768x439.jpg 768w, https:\/\/www.sudoestehoje.com.br\/novoportal\/wp-content\/uploads\/2019\/06\/acesso-pedra-branca-700x400.jpg 700w, https:\/\/www.sudoestehoje.com.br\/novoportal\/wp-content\/uploads\/2019\/06\/acesso-pedra-branca.jpg 960w\" sizes=\"auto, (max-width: 500px) 100vw, 500px\" \/><\/a><\/p>\n<p>Mais uma etapa da recupera\u00e7\u00e3o do acesso da BA-263, ligando a ponte da rodovi\u00e1ria ao Parque de Exposi\u00e7\u00f5es, foi conclu\u00edda com o recapeamento asf\u00e1ltico da liga\u00e7\u00e3o via Loteamento Pedra Branca, durante esta semana.<\/p>\n<p>Para a finaliza\u00e7\u00e3o da obra, resta apenas a pavimenta\u00e7\u00e3o da outra liga\u00e7\u00e3o margeando o aeroporto, que foi inclu\u00edda no projeto pela SEINFRA, al\u00e9m do assentamento de meio-fios no per\u00edmetro urbano e a sinaliza\u00e7\u00e3o de toda a extens\u00e3o da via, que \u00e9 de 6,1 km.<\/p>\n<p>A recupera\u00e7\u00e3o do acesso \u00e0 BA-263 faz parte do pacote de obras solicitado pelo prefeito Rodrigo Hagge ao governo do estado, autorizado pelo governador Rui Costa.<\/p>\n<p><strong><em>Por Davi Ferraz\u00a0<\/em><\/strong><\/p>\n","protected":false},"excerpt":{"rendered":"<p>Mais uma etapa da recupera\u00e7\u00e3o do acesso da BA-263, ligando a ponte da rodovi\u00e1ria ao Parque de Exposi\u00e7\u00f5es, foi conclu\u00edda com o recapeamento asf\u00e1ltico da liga\u00e7\u00e3o via Loteamento Pedra Branca, durante esta semana. Para a finaliza\u00e7\u00e3o da obra, resta apenas a pavimenta\u00e7\u00e3o da outra liga\u00e7\u00e3o margeando o aeroporto, que foi inclu\u00edda no projeto pela SEINFRA, [&hellip;]<\/p>\n","protected":false},"author":2,"featured_media":80072,"comment_status":"open","ping_status":"open","sticky":false,"template":"","format":"standard","meta":{"footnotes":"","_links_to":"","_links_to_target":""},"categories":[1],"tags":[],"class_list":["post-80071","post","type-post","status-publish","format-standard","has-post-thumbnail","hentry","category-geral"],"views":774,"_links":{"self":[{"href":"https:\/\/www.sudoestehoje.com.br\/novoportal\/wp-json\/wp\/v2\/posts\/80071","targetHints":{"allow":["GET"]}}],"collection":[{"href":"https:\/\/www.sudoestehoje.com.br\/novoportal\/wp-json\/wp\/v2\/posts"}],"about":[{"href":"https:\/\/www.sudoestehoje.com.br\/novoportal\/wp-json\/wp\/v2\/types\/post"}],"author":[{"embeddable":true,"href":"https:\/\/www.sudoestehoje.com.br\/novoportal\/wp-json\/wp\/v2\/users\/2"}],"replies":[{"embeddable":true,"href":"https:\/\/www.sudoestehoje.com.br\/novoportal\/wp-json\/wp\/v2\/comments?post=80071"}],"version-history":[{"count":2,"href":"https:\/\/www.sudoestehoje.com.br\/novoportal\/wp-json\/wp\/v2\/posts\/80071\/revisions"}],"predecessor-version":[{"id":80074,"href":"https:\/\/www.sudoestehoje.com.br\/novoportal\/wp-json\/wp\/v2\/posts\/80071\/revisions\/80074"}],"wp:featuredmedia":[{"embeddable":true,"href":"https:\/\/www.sudoestehoje.com.br\/novoportal\/wp-json\/wp\/v2\/media\/80072"}],"wp:attachment":[{"href":"https:\/\/www.sudoestehoje.com.br\/novoportal\/wp-json\/wp\/v2\/media?parent=80071"}],"wp:term":[{"taxonomy":"category","embeddable":true,"href":"https:\/\/www.sudoestehoje.com.br\/novoportal\/wp-json\/wp\/v2\/categories?post=80071"},{"taxonomy":"post_tag","embeddable":true,"href":"https:\/\/www.sudoestehoje.com.br\/novoportal\/wp-json\/wp\/v2\/tags?post=80071"}],"curies":[{"name":"wp","href":"https:\/\/api.w.org\/{rel}","templated":true}]}}