
{"id":80068,"date":"2019-06-01T18:59:15","date_gmt":"2019-06-01T21:59:15","guid":{"rendered":"https:\/\/www.sudoestehoje.com.br\/novoportal\/?p=80068"},"modified":"2019-06-01T18:59:15","modified_gmt":"2019-06-01T21:59:15","slug":"neymar-e-acusado-de-estupro-na-franca","status":"publish","type":"post","link":"https:\/\/www.sudoestehoje.com.br\/novoportal\/2019\/06\/01\/neymar-e-acusado-de-estupro-na-franca\/","title":{"rendered":"NEYMAR \u00c9 ACUSADO DE ESTUPRO NA FRAN\u00c7A"},"content":{"rendered":"<p><a href=\"https:\/\/www.sudoestehoje.com.br\/novoportal\/wp-content\/uploads\/2019\/06\/NEYMAR.jpg\"><img loading=\"lazy\" decoding=\"async\" class=\"aligncenter size-medium wp-image-80069\" src=\"https:\/\/www.sudoestehoje.com.br\/novoportal\/wp-content\/uploads\/2019\/06\/NEYMAR-500x532.jpg\" alt=\"\" width=\"500\" height=\"532\" srcset=\"https:\/\/www.sudoestehoje.com.br\/novoportal\/wp-content\/uploads\/2019\/06\/NEYMAR-500x532.jpg 500w, https:\/\/www.sudoestehoje.com.br\/novoportal\/wp-content\/uploads\/2019\/06\/NEYMAR-768x817.jpg 768w, https:\/\/www.sudoestehoje.com.br\/novoportal\/wp-content\/uploads\/2019\/06\/NEYMAR-700x745.jpg 700w, https:\/\/www.sudoestehoje.com.br\/novoportal\/wp-content\/uploads\/2019\/06\/NEYMAR.jpg 1080w\" sizes=\"auto, (max-width: 500px) 100vw, 500px\" \/><\/a><\/p>\n<p>O atacante Neymar Jr. Est\u00e1 sendo acusado de ter estuprado uma mulher em Paris, capital da Fran\u00e7a. A suposta v\u00edtima registrou a ocorr\u00eancia nesta sexta-feira (31), na 6\u00aa delegacia de Defesa da Mulher, em Santo Amaro, na capital paulista. Segundo ela, o fato ocorreu no \u00faltimo dia 15 de maio.<\/p>\n<div id=\"P_VARELA_NOTICIAS_OUTSTREAM06518968869738915\" data-premium=\"\" data-adunit=\"VARELA_NOTICIAS_OUTSTREAM\" data-sizes-mobile=\"[[336,280],[300,250],[1,1]] \" data-sizes-desktop=\"[[640,360],[640,480],[580,400],[336,280],[300,250],[1,1]]\" data-type=\"outstream\" data-fetch=\"true\" data-google-query-id=\"CK3Q48uiyeICFZEUswAdFP4Pmg\">\n<div id=\"google_ads_iframe_\/75894840\/VARELA_NOTICIAS_OUTSTREAM_0__container__\">Na acusa\u00e7\u00e3o a mulher informou que Neymar a conheceu por meio do Instagram e ofereceu passagem e hospedagem para que ela o encontrasse em Paris. No encontro, o jogador teria chegado embriagado e, ap\u00f3s a troca de car\u00edcias, o brasileiro teria ficado agressivo e praticado rela\u00e7\u00e3o sexual sem o consentimento da v\u00edtima.<\/div>\n<\/div>\n","protected":false},"excerpt":{"rendered":"<p>O atacante Neymar Jr. Est\u00e1 sendo acusado de ter estuprado uma mulher em Paris, capital da Fran\u00e7a. A suposta v\u00edtima registrou a ocorr\u00eancia nesta sexta-feira (31), na 6\u00aa delegacia de Defesa da Mulher, em Santo Amaro, na capital paulista. Segundo ela, o fato ocorreu no \u00faltimo dia 15 de maio. Na acusa\u00e7\u00e3o a mulher informou [&hellip;]<\/p>\n","protected":false},"author":2,"featured_media":80069,"comment_status":"open","ping_status":"open","sticky":false,"template":"","format":"standard","meta":{"footnotes":"","_links_to":"","_links_to_target":""},"categories":[1],"tags":[],"class_list":["post-80068","post","type-post","status-publish","format-standard","has-post-thumbnail","hentry","category-geral"],"views":827,"_links":{"self":[{"href":"https:\/\/www.sudoestehoje.com.br\/novoportal\/wp-json\/wp\/v2\/posts\/80068","targetHints":{"allow":["GET"]}}],"collection":[{"href":"https:\/\/www.sudoestehoje.com.br\/novoportal\/wp-json\/wp\/v2\/posts"}],"about":[{"href":"https:\/\/www.sudoestehoje.com.br\/novoportal\/wp-json\/wp\/v2\/types\/post"}],"author":[{"embeddable":true,"href":"https:\/\/www.sudoestehoje.com.br\/novoportal\/wp-json\/wp\/v2\/users\/2"}],"replies":[{"embeddable":true,"href":"https:\/\/www.sudoestehoje.com.br\/novoportal\/wp-json\/wp\/v2\/comments?post=80068"}],"version-history":[{"count":1,"href":"https:\/\/www.sudoestehoje.com.br\/novoportal\/wp-json\/wp\/v2\/posts\/80068\/revisions"}],"predecessor-version":[{"id":80070,"href":"https:\/\/www.sudoestehoje.com.br\/novoportal\/wp-json\/wp\/v2\/posts\/80068\/revisions\/80070"}],"wp:featuredmedia":[{"embeddable":true,"href":"https:\/\/www.sudoestehoje.com.br\/novoportal\/wp-json\/wp\/v2\/media\/80069"}],"wp:attachment":[{"href":"https:\/\/www.sudoestehoje.com.br\/novoportal\/wp-json\/wp\/v2\/media?parent=80068"}],"wp:term":[{"taxonomy":"category","embeddable":true,"href":"https:\/\/www.sudoestehoje.com.br\/novoportal\/wp-json\/wp\/v2\/categories?post=80068"},{"taxonomy":"post_tag","embeddable":true,"href":"https:\/\/www.sudoestehoje.com.br\/novoportal\/wp-json\/wp\/v2\/tags?post=80068"}],"curies":[{"name":"wp","href":"https:\/\/api.w.org\/{rel}","templated":true}]}}