
{"id":7994,"date":"2011-08-30T09:06:56","date_gmt":"2011-08-30T12:06:56","guid":{"rendered":"http:\/\/www.sudoestehoje.com.br\/novoportal\/?p=7994"},"modified":"2011-08-30T09:09:12","modified_gmt":"2011-08-30T12:09:12","slug":"dr-jose-otavio-quer-uniao-das-oposicoes","status":"publish","type":"post","link":"https:\/\/www.sudoestehoje.com.br\/novoportal\/2011\/08\/30\/dr-jose-otavio-quer-uniao-das-oposicoes\/","title":{"rendered":"DR. JOS\u00c9 OT\u00c1VIO QUER UNI\u00c3O DAS OPOSI\u00c7\u00d5ES EM 2012"},"content":{"rendered":"<p><a href=\"http:\/\/www.sudoestehoje.com.br\/novoportal\/wp-content\/uploads\/2011\/08\/GEDC0225.jpg\"><img loading=\"lazy\" decoding=\"async\" class=\"aligncenter size-medium wp-image-7996\" title=\"GEDC0225\" src=\"http:\/\/www.sudoestehoje.com.br\/novoportal\/wp-content\/uploads\/2011\/08\/GEDC0225-500x375.jpg\" alt=\"\" width=\"500\" height=\"375\" srcset=\"https:\/\/www.sudoestehoje.com.br\/novoportal\/wp-content\/uploads\/2011\/08\/GEDC0225-500x375.jpg 500w, https:\/\/www.sudoestehoje.com.br\/novoportal\/wp-content\/uploads\/2011\/08\/GEDC0225-1024x768.jpg 1024w\" sizes=\"auto, (max-width: 500px) 100vw, 500px\" \/><\/a><\/p>\n<p style=\"text-align: center;\"><em><strong>Dr. Jos\u00e9 Ot\u00e1vio \u00e9 um dos nomes fortes da oposi\u00e7\u00e3o<\/strong><\/em><\/p>\n<p>ITAPETINGA: Durante o encontro das oposi\u00e7\u00f5es, ocorrido neste s\u00e1bado, para o lan\u00e7amento do PSDC, a reportagem do <em>Sudoeste Hoje<\/em> conversou com o ex-prefeito Jos\u00e9 Ot\u00e1vio Curvello, numa r\u00e1pida entrevista, ocasi\u00e3o em que o m\u00e9dico manifestou as suas impress\u00f5es sobre o encontro e a possibilidade de uni\u00e3o das oposi\u00e7\u00f5es, para as elei\u00e7\u00f5es de 2012. Veja o que disse o Dr. Jos\u00e9 Ot\u00e1vio:<\/p>\n<p><em><strong>Sudoeste Hoje &#8211; Dr. Jos\u00e9 Ot\u00e1vio, qual a impress\u00e3o do senhor sobre este encontro do PSDC, reunindo tantos pol\u00edticos dos partidos de oposi\u00e7\u00e3o em Itapetinga?<\/strong><\/em><\/p>\n<p><em><strong>Dr. Jos\u00e9 Ot\u00e1vio<\/strong><\/em> &#8211; <em>Acho que foi de suma import\u00e2ncia, porque todos os partidos n\u00e3o fazem oposi\u00e7\u00e3o, eles querem o apoio a Itapetinga. Os partidos est\u00e3o unidos, evidentemente que h\u00e1 oposi\u00e7\u00e3o ao mandato que est\u00e1 a\u00ed, e foi um momento hist\u00f3rico porque todos os partidos est\u00e3o imbu\u00eddos em um objetivo s\u00f3, fazer com que Itapetinga volte a crescer.<\/em><\/p>\n<p><em><strong>Sudoeste Hoje &#8211; O Democratas est\u00e1 disposto a participar de uma frente de oposi\u00e7\u00e3o, em torno de uma candidatura \u00fanica, para disputar as elei\u00e7\u00f5es de 2012?<\/strong><\/em><\/p>\n<p><em><strong>Dr. Jos\u00e9 Ot\u00e1vio<\/strong><\/em> &#8211; <em>O objetivo \u00e9 exatamente este, o Democratas est\u00e1 unido a todos os partidos e \u00e9 necess\u00e1rio que todos os partidos apresentem candidatos, e a popula\u00e7\u00e3o vai avaliar qual o que melhor se posiciona para vencer o pleito de 2012.<\/em><\/p>\n<p>Para quem ainda tinha d\u00favida, a\u00ed est\u00e1 a resposta.<\/p>\n<p><em><strong>Por DAVI FERRAZ<\/strong><\/em><\/p>\n","protected":false},"excerpt":{"rendered":"<p>Dr. Jos\u00e9 Ot\u00e1vio \u00e9 um dos nomes fortes da oposi\u00e7\u00e3o ITAPETINGA: Durante o encontro das oposi\u00e7\u00f5es, ocorrido neste s\u00e1bado, para o lan\u00e7amento do PSDC, a reportagem do Sudoeste Hoje conversou com o ex-prefeito Jos\u00e9 Ot\u00e1vio Curvello, numa r\u00e1pida entrevista, ocasi\u00e3o em que o m\u00e9dico manifestou as suas impress\u00f5es sobre o encontro e a possibilidade de [&hellip;]<\/p>\n","protected":false},"author":2,"featured_media":0,"comment_status":"open","ping_status":"open","sticky":false,"template":"","format":"standard","meta":{"footnotes":"","_links_to":"","_links_to_target":""},"categories":[1],"tags":[],"class_list":["post-7994","post","type-post","status-publish","format-standard","hentry","category-geral"],"views":1768,"_links":{"self":[{"href":"https:\/\/www.sudoestehoje.com.br\/novoportal\/wp-json\/wp\/v2\/posts\/7994","targetHints":{"allow":["GET"]}}],"collection":[{"href":"https:\/\/www.sudoestehoje.com.br\/novoportal\/wp-json\/wp\/v2\/posts"}],"about":[{"href":"https:\/\/www.sudoestehoje.com.br\/novoportal\/wp-json\/wp\/v2\/types\/post"}],"author":[{"embeddable":true,"href":"https:\/\/www.sudoestehoje.com.br\/novoportal\/wp-json\/wp\/v2\/users\/2"}],"replies":[{"embeddable":true,"href":"https:\/\/www.sudoestehoje.com.br\/novoportal\/wp-json\/wp\/v2\/comments?post=7994"}],"version-history":[{"count":7,"href":"https:\/\/www.sudoestehoje.com.br\/novoportal\/wp-json\/wp\/v2\/posts\/7994\/revisions"}],"predecessor-version":[{"id":8000,"href":"https:\/\/www.sudoestehoje.com.br\/novoportal\/wp-json\/wp\/v2\/posts\/7994\/revisions\/8000"}],"wp:attachment":[{"href":"https:\/\/www.sudoestehoje.com.br\/novoportal\/wp-json\/wp\/v2\/media?parent=7994"}],"wp:term":[{"taxonomy":"category","embeddable":true,"href":"https:\/\/www.sudoestehoje.com.br\/novoportal\/wp-json\/wp\/v2\/categories?post=7994"},{"taxonomy":"post_tag","embeddable":true,"href":"https:\/\/www.sudoestehoje.com.br\/novoportal\/wp-json\/wp\/v2\/tags?post=7994"}],"curies":[{"name":"wp","href":"https:\/\/api.w.org\/{rel}","templated":true}]}}