
{"id":7977,"date":"2011-08-29T23:37:50","date_gmt":"2011-08-30T02:37:50","guid":{"rendered":"http:\/\/www.sudoestehoje.com.br\/novoportal\/?p=7977"},"modified":"2011-08-29T23:58:11","modified_gmt":"2011-08-30T02:58:11","slug":"boa-nova-bandidos-assaltam-banco-do-brasil-e-incendeiam-veiculos","status":"publish","type":"post","link":"https:\/\/www.sudoestehoje.com.br\/novoportal\/2011\/08\/29\/boa-nova-bandidos-assaltam-banco-do-brasil-e-incendeiam-veiculos\/","title":{"rendered":"BOA NOVA: BANDIDOS ASSALTAM BANCO DO BRASIL E INCENDEIAM VE\u00cdCULOS"},"content":{"rendered":"<p style=\"text-align: center;\"><img decoding=\"async\" class=\"aligncenter\" src=\"http:\/\/www.blogdaresenhageral.com.br\/v1\/wp-content\/uploads\/299292_280758128608046_100000215843318_1357327_8195799_n.jpg\" alt=\"\" \/><\/p>\n<p style=\"text-align: center;\"><em><strong>Na fuga, assaltantes incendiaram ve\u00edculos<\/strong><\/em><\/p>\n<p>BOA NOVA: Oito bandidos encapuzados e fortemente armados assaltaram a ag\u00eancia do Banco do Brasil do munic\u00edpio de Boa Nova, no sudoeste do estado, e levaram funcion\u00e1rios da institui\u00e7\u00e3o como ref\u00e9ns na manh\u00e3 desta segunda-feira (29). Segundo informa\u00e7\u00f5es de moradores da cidade, em contato com o Bahia Not\u00edcias, os criminosos colocaram fogo em uma viatura e em um caminh\u00e3o no momento da fuga. De acordo com agentes da Pol\u00edcia Civil, os ref\u00e9ns foram liberados e a quadrilha fugiu em dois ve\u00edculos \u2013 um Citro\u00ebn de cor prata e um Dobl\u00f2 verde \u2013 em dire\u00e7\u00e3o ao\u00a0distrito de Valentim. A pol\u00edcia realiza buscas pela regi\u00e3o na tentativa de capturar o bando.<\/p>\n<p><em>BANDIDO \u00c9 PRESO<\/em><\/p>\n<p>A Pol\u00edcia Militar prendeu, na tarde desta segunda-feira (29),Valter Pereira Carvalho Junior, 23 anos, um dos envolvidos no assalto ao Banco do Brasil do munic\u00edpio de Boa Nova, que ocorreu nesta manh\u00e3. Valter foi surpreendido pela pol\u00edcia militar enquanto queimava os dois carros utilizados no assalto. Ap\u00f3s a pris\u00e3o do envolvido, a PM localizou o ponto onde a quadrilha se escondia, na zona rural do munic\u00edpio, e conseguiu recuperar R$404 mil reais roubados. Tamb\u00e9m foram apreendidos cinco coletes bal\u00edsticos, duas pistolas, duas submetralhadoras, tr\u00eas rev\u00f3lveres, 73 muni\u00e7\u00f5es e dois rev\u00f3lveres. A a\u00e7\u00e3o envolveu policiais militares da 79\u00aa CIPM\/Po\u00e7\u00f5es, da CIPE\/Sudoeste e contou com o apoio de um helic\u00f3ptero do Grupamento A\u00e9reo (Graer) e do Grupo de Apoio T\u00e1tico (GAT) da Pol\u00edcia Civil. O cerco policial continua montado na regi\u00e3o para localizar os outros envolvidos. BN<\/p>\n","protected":false},"excerpt":{"rendered":"<p>Na fuga, assaltantes incendiaram ve\u00edculos BOA NOVA: Oito bandidos encapuzados e fortemente armados assaltaram a ag\u00eancia do Banco do Brasil do munic\u00edpio de Boa Nova, no sudoeste do estado, e levaram funcion\u00e1rios da institui\u00e7\u00e3o como ref\u00e9ns na manh\u00e3 desta segunda-feira (29). Segundo informa\u00e7\u00f5es de moradores da cidade, em contato com o Bahia Not\u00edcias, os criminosos [&hellip;]<\/p>\n","protected":false},"author":2,"featured_media":0,"comment_status":"open","ping_status":"open","sticky":false,"template":"","format":"standard","meta":{"footnotes":"","_links_to":"","_links_to_target":""},"categories":[1],"tags":[],"class_list":["post-7977","post","type-post","status-publish","format-standard","hentry","category-geral"],"views":2236,"_links":{"self":[{"href":"https:\/\/www.sudoestehoje.com.br\/novoportal\/wp-json\/wp\/v2\/posts\/7977","targetHints":{"allow":["GET"]}}],"collection":[{"href":"https:\/\/www.sudoestehoje.com.br\/novoportal\/wp-json\/wp\/v2\/posts"}],"about":[{"href":"https:\/\/www.sudoestehoje.com.br\/novoportal\/wp-json\/wp\/v2\/types\/post"}],"author":[{"embeddable":true,"href":"https:\/\/www.sudoestehoje.com.br\/novoportal\/wp-json\/wp\/v2\/users\/2"}],"replies":[{"embeddable":true,"href":"https:\/\/www.sudoestehoje.com.br\/novoportal\/wp-json\/wp\/v2\/comments?post=7977"}],"version-history":[{"count":7,"href":"https:\/\/www.sudoestehoje.com.br\/novoportal\/wp-json\/wp\/v2\/posts\/7977\/revisions"}],"predecessor-version":[{"id":7984,"href":"https:\/\/www.sudoestehoje.com.br\/novoportal\/wp-json\/wp\/v2\/posts\/7977\/revisions\/7984"}],"wp:attachment":[{"href":"https:\/\/www.sudoestehoje.com.br\/novoportal\/wp-json\/wp\/v2\/media?parent=7977"}],"wp:term":[{"taxonomy":"category","embeddable":true,"href":"https:\/\/www.sudoestehoje.com.br\/novoportal\/wp-json\/wp\/v2\/categories?post=7977"},{"taxonomy":"post_tag","embeddable":true,"href":"https:\/\/www.sudoestehoje.com.br\/novoportal\/wp-json\/wp\/v2\/tags?post=7977"}],"curies":[{"name":"wp","href":"https:\/\/api.w.org\/{rel}","templated":true}]}}